{"id":3532,"date":"2025-03-03T13:45:58","date_gmt":"2025-03-03T13:45:58","guid":{"rendered":"https:\/\/prensaescrita.org\/okategoriserad\/tidningar-och-tidningar-i-extremadura\/"},"modified":"2025-03-03T13:45:58","modified_gmt":"2025-03-03T13:45:58","slug":"tidningar-och-tidningar-i-extremadura","status":"publish","type":"post","link":"https:\/\/prensaescrita.org\/sv\/tidningar-och-tidningar-i-spanien\/tidningar-och-tidningar-i-extremadura\/","title":{"rendered":"Tidningar och tidningar i Extremadura"},"content":{"rendered":"<div class=\"box-shadow-light\" style=\"margin-bottom: 30px;\">\n<table border=\"0\" width=\"100%\" cellspacing=\"0\" cellpadding=\"2\" bgcolor=\"#ffffff\">\n<tbody>\n<tr>\n<td colspan=\"4\" bgcolor=\"#D3DCDC\">\n<h2>Badajoz<\/h2>\n<\/td>\n<\/tr>\n<tr>\n<td width=\"20\">\n<table border=\"0\" cellspacing=\"1\">\n<tbody>\n<tr>\n<td><img loading=\"lazy\" decoding=\"async\" title=\"DIGITALT NR\" src=\"https:\/\/estaticos.prensaescrita.com\/imagenes\/dig-no.jpg\" alt=\"N\" width=\"13\" height=\"13\"><\/td>\n<\/tr>\n<\/tbody>\n<\/table>\n<\/td>\n<td width=\"150\"><span style=\"font-family: tahoma; font-size: medium;\"><b>I DAG<\/b><\/span><\/td>\n<td width=\"94\"><span style=\"font-family: verdana; font-size: medium;\"><strong>Badajoz<\/strong><\/span><\/td>\n<td width=\"162\"><span style=\"font-family: verdana; font-size: medium;\"><a href=\"https:\/\/www.hoy.es\" target=\"_blank\" rel=\"nofollow noopener\">hoy.es<\/a><\/span><\/td>\n<\/tr>\n<tr>\n<td width=\"20\">\n<table border=\"0\" cellspacing=\"1\">\n<tbody>\n<tr>\n<td><img loading=\"lazy\" decoding=\"async\" title=\"DIGITALT NR\" src=\"https:\/\/estaticos.prensaescrita.com\/imagenes\/dig-no.jpg\" alt=\"N\" width=\"13\" height=\"13\"><\/td>\n<\/tr>\n<\/tbody>\n<\/table>\n<\/td>\n<td width=\"150\"><span style=\"font-family: tahoma; font-size: medium;\"><b>BER\u00c4TTELSEN OM BADAJOZ<\/b><\/span><\/td>\n<td width=\"94\"><span style=\"font-family: verdana; font-size: medium;\"><strong>Badajoz<\/strong><\/span><\/td>\n<td width=\"162\"><span style=\"font-family: verdana; font-size: medium;\"><a href=\"https:\/\/www.lacronicabadajoz.com\" target=\"_blank\" rel=\"nofollow noopener\">lacronicabadajoz.c&#8230;<\/a><\/span><\/td>\n<\/tr>\n<tr>\n<td width=\"20\">\n<table border=\"0\" cellspacing=\"1\">\n<tbody>\n<tr>\n<td><img loading=\"lazy\" decoding=\"async\" title=\"DIGITALT NR\" src=\"https:\/\/estaticos.prensaescrita.com\/imagenes\/dig-no.jpg\" alt=\"N\" width=\"13\" height=\"13\"><\/td>\n<\/tr>\n<\/tbody>\n<\/table>\n<\/td>\n<td width=\"150\"><span style=\"font-family: tahoma; font-size: medium;\"><b>EXTREMADURA 7 DAGAR<\/b><\/span><\/td>\n<td width=\"94\"><span style=\"font-family: verdana; font-size: medium;\"><strong>Badajoz<\/strong><\/span><\/td>\n<td width=\"162\"><span style=\"font-family: verdana; font-size: medium;\"><a href=\"https:\/\/www.extremadura7dias.com\" target=\"_blank\" rel=\"nofollow noopener\">extremadura7dias.c&#8230;<\/a><\/span><\/td>\n<\/tr>\n<tr>\n<td width=\"20\">\n<table border=\"0\" cellspacing=\"1\">\n<tbody>\n<tr>\n<td><img loading=\"lazy\" decoding=\"async\" title=\"DIGITALT NR\" src=\"https:\/\/estaticos.prensaescrita.com\/imagenes\/dig-no.jpg\" alt=\"N\" width=\"13\" height=\"13\"><\/td>\n<\/tr>\n<\/tbody>\n<\/table>\n<\/td>\n<td width=\"150\"><span style=\"font-family: tahoma; font-size: medium;\"><b>BADAJOZ DIREKT<\/b><\/span><\/td>\n<td width=\"94\"><span style=\"font-family: verdana; font-size: medium;\"><strong>Badajoz<\/strong><\/span><\/td>\n<td width=\"162\"><span style=\"font-family: verdana; font-size: medium;\"><a href=\"https:\/\/www.badajozdirecto.com\" target=\"_blank\" rel=\"nofollow noopener\">badajozdirecto.com<\/a><\/span><\/td>\n<\/tr>\n<tr>\n<td width=\"20\">\n<table border=\"0\" cellspacing=\"1\">\n<tbody>\n<tr>\n<td><img loading=\"lazy\" decoding=\"async\" title=\"DIGITALT NR\" src=\"https:\/\/estaticos.prensaescrita.com\/imagenes\/dig-no.jpg\" alt=\"N\" width=\"13\" height=\"13\"><\/td>\n<\/tr>\n<\/tbody>\n<\/table>\n<\/td>\n<td width=\"150\"><span style=\"font-family: tahoma; font-size: medium;\"><b>DIGITAL REGION<\/b><\/span><\/td>\n<td width=\"94\"><span style=\"font-family: verdana; font-size: medium;\"><strong>Badajoz<\/strong><\/span><\/td>\n<td width=\"162\"><span style=\"font-family: verdana; font-size: medium;\"><a href=\"https:\/\/www.regiondigital.com\" target=\"_blank\" rel=\"nofollow noopener\">regiondigital.com<\/a><\/span><\/td>\n<\/tr>\n<tr>\n<td width=\"20\">\n<table border=\"0\" cellspacing=\"1\">\n<tbody>\n<tr>\n<td><img loading=\"lazy\" decoding=\"async\" title=\"DIGITALT NR\" src=\"https:\/\/estaticos.prensaescrita.com\/imagenes\/dig-no.jpg\" alt=\"N\" width=\"13\" height=\"13\"><\/td>\n<\/tr>\n<\/tbody>\n<\/table>\n<\/td>\n<td width=\"150\"><span style=\"font-family: tahoma; font-size: medium;\"><b>DIARIO DE M\u00c9RIDA<\/b><\/span><\/td>\n<td width=\"94\"><span style=\"font-family: verdana; font-size: medium;\"><strong>Merida<\/strong><\/span><\/td>\n<td width=\"162\"><span style=\"font-family: verdana; font-size: medium;\"><a href=\"https:\/\/www.diariodemerida.es\" target=\"_blank\" rel=\"nofollow noopener\">diariodemerida.es<\/a><\/span><\/td>\n<\/tr>\n<tr>\n<td width=\"20\">\n<table border=\"0\" cellspacing=\"1\">\n<tbody>\n<tr>\n<td><img loading=\"lazy\" decoding=\"async\" title=\"DIGITALT NR\" src=\"https:\/\/estaticos.prensaescrita.com\/imagenes\/dig-no.jpg\" alt=\"N\" width=\"13\" height=\"13\"><\/td>\n<\/tr>\n<\/tbody>\n<\/table>\n<\/td>\n<td width=\"150\"><span style=\"font-family: tahoma; font-size: medium;\"><b>V\u00c5R REGION<\/b><\/span><\/td>\n<td width=\"94\"><span style=\"font-family: verdana; font-size: medium;\"><strong>Don Benito<\/strong><\/span><\/td>\n<td width=\"162\"><span style=\"font-family: verdana; font-size: medium;\"><a href=\"https:\/\/www.nuestracomarca.com\" target=\"_blank\" rel=\"nofollow noopener\">nuestracomarca.com<\/a><\/span><\/td>\n<\/tr>\n<tr>\n<td width=\"20\">\n<table border=\"0\" cellspacing=\"1\">\n<tbody>\n<tr>\n<td><img loading=\"lazy\" decoding=\"async\" title=\"DIGITALT NR\" src=\"https:\/\/estaticos.prensaescrita.com\/imagenes\/dig-no.jpg\" alt=\"N\" width=\"13\" height=\"13\"><\/td>\n<\/tr>\n<\/tbody>\n<\/table>\n<\/td>\n<td width=\"150\"><span style=\"font-family: tahoma; font-size: medium;\"><b>LAS VEGAS BAJA F\u00d6NSTER<\/b><\/span><\/td>\n<td width=\"94\"><span style=\"font-family: verdana; font-size: medium;\"><strong>Montijo Montijo<\/strong><\/span><\/td>\n<td width=\"162\"><span style=\"font-family: verdana; font-size: medium;\"><a href=\"https:\/\/www.ventanadigital.com\" target=\"_blank\" rel=\"nofollow noopener\">ventanadigital.com<\/a><\/span><\/td>\n<\/tr>\n<tr>\n<td width=\"20\">\n<table border=\"0\" cellspacing=\"1\">\n<tbody>\n<tr>\n<td><img loading=\"lazy\" decoding=\"async\" title=\"DIGITALT NR\" src=\"https:\/\/estaticos.prensaescrita.com\/imagenes\/dig-no.jpg\" alt=\"N\" width=\"13\" height=\"13\"><\/td>\n<\/tr>\n<\/tbody>\n<\/table>\n<\/td>\n<td width=\"150\"><span style=\"font-family: tahoma; font-size: medium;\"><b>KR\u00d6NIKOR AV ETT FOLK<\/b><\/span><\/td>\n<td width=\"94\"><span style=\"font-family: verdana; font-size: medium;\"><strong>Montijo Montijo<\/strong><\/span><\/td>\n<td width=\"162\"><span style=\"font-family: verdana; font-size: medium;\"><a href=\"https:\/\/www.cronicasdeunpueblo.es\" target=\"_blank\" rel=\"nofollow noopener\">kr\u00f6nikor av ett folk&#8230;<\/a><\/span><\/td>\n<\/tr>\n<tr>\n<td colspan=\"4\" bgcolor=\"#D3DCDC\">\n<h2>C\u00e1ceres<\/h2>\n<\/td>\n<\/tr>\n<tr>\n<td width=\"20\">\n<table border=\"0\" cellspacing=\"1\">\n<tbody>\n<tr>\n<td><img loading=\"lazy\" decoding=\"async\" title=\"DIGITALT NR\" src=\"https:\/\/estaticos.prensaescrita.com\/imagenes\/dig-no.jpg\" alt=\"N\" width=\"13\" height=\"13\"><\/td>\n<\/tr>\n<\/tbody>\n<\/table>\n<\/td>\n<td width=\"150\"><span style=\"font-family: tahoma; font-size: medium;\"><b>EL PERI\u00d3DICO DE EXTREMADURA<\/b><\/span><\/td>\n<td width=\"94\"><span style=\"font-family: verdana; font-size: medium;\"><strong>C\u00e1ceres<\/strong><\/span><\/td>\n<td width=\"162\"><span style=\"font-family: verdana; font-size: medium;\"><a href=\"http:\/\/www.elperiodicoextremadura.com\" target=\"_blank\" rel=\"nofollow noopener\">elperiodicoextreme&#8230;<\/a><\/span><\/td>\n<\/tr>\n<tr>\n<td width=\"20\">\n<table border=\"0\" cellspacing=\"1\">\n<tbody>\n<tr>\n<td><img loading=\"lazy\" decoding=\"async\" title=\"DIGITALT NR\" src=\"https:\/\/estaticos.prensaescrita.com\/imagenes\/dig-no.jpg\" alt=\"N\" width=\"13\" height=\"13\"><\/td>\n<\/tr>\n<\/tbody>\n<\/table>\n<\/td>\n<td width=\"150\"><span style=\"font-family: tahoma; font-size: medium;\"><b>DIGITAL EXTREMADURA<\/b><\/span><\/td>\n<td width=\"94\"><span style=\"font-family: verdana; font-size: medium;\"><strong>C\u00e1ceres<\/strong><\/span><\/td>\n<td width=\"162\"><span style=\"font-family: verdana; font-size: medium;\"><a href=\"https:\/\/www.digitalextremadura.com\" target=\"_blank\" rel=\"nofollow noopener\">digitalextremadura&#8230;<\/a><\/span><\/td>\n<\/tr>\n<tr>\n<td width=\"20\">\n<table border=\"0\" cellspacing=\"1\">\n<tbody>\n<tr>\n<td><img loading=\"lazy\" decoding=\"async\" title=\"DIGITALT NR\" src=\"https:\/\/estaticos.prensaescrita.com\/imagenes\/dig-no.jpg\" alt=\"N\" width=\"13\" height=\"13\"><\/td>\n<\/tr>\n<\/tbody>\n<\/table>\n<\/td>\n<td width=\"150\"><span style=\"font-family: tahoma; font-size: medium;\"><b>DIARIO PLASENCIA<\/b><\/span><\/td>\n<td width=\"94\"><span style=\"font-family: verdana; font-size: medium;\"><strong>Plasencia Plasencia<\/strong><\/span><\/td>\n<td width=\"162\"><span style=\"font-family: verdana; font-size: medium;\"><a href=\"https:\/\/www.diariodeplasencia.es\" target=\"_blank\" rel=\"nofollow noopener\">Daglig avslappning&#8230;.<\/a><\/span><\/td>\n<\/tr>\n<tr>\n<td width=\"20\">\n<table border=\"0\" cellspacing=\"1\">\n<tbody>\n<tr>\n<td><img loading=\"lazy\" decoding=\"async\" title=\"DIGITALT NR\" src=\"https:\/\/estaticos.prensaescrita.com\/imagenes\/dig-no.jpg\" alt=\"N\" width=\"13\" height=\"13\"><\/td>\n<\/tr>\n<\/tbody>\n<\/table>\n<\/td>\n<td width=\"150\"><span style=\"font-family: tahoma; font-size: medium;\"><b>NAVALMORAL OCH REGIONEN<\/b><\/span><\/td>\n<td width=\"94\"><span style=\"font-family: verdana; font-size: medium;\"><strong>Navalmoral de la Mata<\/strong><\/span><\/td>\n<td width=\"162\"><span style=\"font-family: verdana; font-size: medium;\"><a href=\"https:\/\/www.navalmoralycomarca.com\" target=\"_blank\" rel=\"nofollow noopener\">navalmoralycomarca&#8230;<\/a><\/span><\/td>\n<\/tr>\n<tr>\n<td width=\"20\">\n<table border=\"0\" cellspacing=\"1\">\n<tbody>\n<tr>\n<td><img loading=\"lazy\" decoding=\"async\" title=\"DIGITALT NR\" src=\"https:\/\/estaticos.prensaescrita.com\/imagenes\/dig-no.jpg\" alt=\"N\" width=\"13\" height=\"13\"><\/td>\n<\/tr>\n<\/tbody>\n<\/table>\n<\/td>\n<td width=\"150\"><span style=\"font-family: tahoma; font-size: medium;\"><b>JARAIZ DAGBOK<\/b><\/span><\/td>\n<td width=\"94\"><span style=\"font-family: verdana; font-size: medium;\"><strong>Jara\u00edz de la Vera<\/strong><\/span><\/td>\n<td width=\"162\"><span style=\"font-family: verdana; font-size: medium;\"><a href=\"https:\/\/www.diariodejaraizdelavera.es\" target=\"_blank\" rel=\"nofollow noopener\">Diariodejaraizdela&#8230;<\/a><\/span><\/td>\n<\/tr>\n<tr>\n<td width=\"20\">\n<table border=\"0\" cellspacing=\"1\">\n<tbody>\n<tr>\n<td><img loading=\"lazy\" decoding=\"async\" title=\"DIGITALT NR\" src=\"https:\/\/estaticos.prensaescrita.com\/imagenes\/dig-no.jpg\" alt=\"N\" width=\"13\" height=\"13\"><\/td>\n<\/tr>\n<\/tbody>\n<\/table>\n<\/td>\n<td width=\"150\"><span style=\"font-family: tahoma; font-size: medium;\"><b>KNACKAREN<\/b><\/span><\/td>\n<td width=\"94\"><span style=\"font-family: verdana; font-size: medium;\"><strong>Herv\u00e1s<\/strong><\/span><\/td>\n<td width=\"162\"><span style=\"font-family: verdana; font-size: medium;\"><a href=\"http:\/\/www.laaldaba.es\" target=\"_blank\" rel=\"nofollow noopener\">laaldaba.es<\/a><\/span><\/td>\n<\/tr>\n<\/tbody>\n<\/table>\n<p><img decoding=\"async\" src=\"https:\/\/prensaescrita.org\/wp-content\/uploads\/2025\/03\/info.jpg\" alt=\"RSS\">  Allm\u00e4n information \u2013 <img decoding=\"async\" src=\"https:\/\/prensaescrita.org\/wp-content\/uploads\/2025\/03\/deporte.jpg\" alt=\"t\u00e4cka\"> Sport\/Ekonomi<\/div>\n<hr style=\"border: none; height: 2px; background: linear-gradient(to right, transparent, #000, transparent); margin: 20px 0;\">\n<p><\/p>\n<h2 class=\"concss\">Lista \u00f6ver tidningar och tidningar i Extremadura<\/h2>\n<p><\/p>\n<div class=\"estilo1\">Om du letar efter aktuell information om lokala nyheter i Extremadura s\u00e5 har du kommit till r\u00e4tt st\u00e4lle. I den h\u00e4r tabellen hittar du en lista \u00f6ver de viktigaste tidningarna i regionen, som h\u00e5ller befolkningen informerad om de mest relevanta h\u00e4ndelserna som h\u00e4nder i samh\u00e4llet. <strong>Tidningarna i Extremadura<\/strong> \u00e4r en viktig informationsk\u00e4lla f\u00f6r dem som vill vara medvetna om allt som h\u00e4nder i regionen. Dessa tidningar i Extremadura t\u00e4cker en m\u00e4ngd olika \u00e4mnen, fr\u00e5n politik och ekonomi till kultur och sport, och ger en omfattande \u00f6versikt \u00f6ver lokala aktuella fr\u00e5gor.  <\/p>\n<p><strong>Pressen i Extremadura k\u00e4nnetecknas av<\/strong> sitt engagemang f\u00f6r sanningen och objektivitet i den information den erbjuder sina l\u00e4sare. Tack vare det arbete som utf\u00f6rs av de professionella som arbetar med dessa medier kan inv\u00e5narna i Extremadura alltid f\u00e5 tillg\u00e5ng till sanningsenliga och aktuella nyheter. <\/p>\n<p>Oavsett om du \u00e4r intresserad av att l\u00e4ra dig om den senaste utvecklingen inom regionalpolitiken, p\u00e5 n\u00e4ra h\u00e5ll f\u00f6lja de kulturella evenemang som \u00e4ger rum i omr\u00e5det eller h\u00e5lla dig informerad om lokala lags idrottsresultat, \u00e4r Extremaduras tidningar din b\u00e4sta allierade.<\/p>\n<p>Missa inte chansen att konsultera denna tabell med listan \u00f6ver tidningar i Extremadura och h\u00e5ll dig alltid informerad om allt som h\u00e4nder i ditt samh\u00e4lle. Pressen i Extremadura finns d\u00e4r f\u00f6r att ge dig de lokala nyheterna p\u00e5 ett objektivt och sanningsenligt s\u00e4tt. Missa inte en enda detalj!  <\/p>\n<\/div>\n","protected":false},"excerpt":{"rendered":"<p>Badajoz I DAG Badajoz hoy.es BER\u00c4TTELSEN OM BADAJOZ Badajoz lacronicabadajoz.c&#8230; EXTREMADURA 7 DAGAR Badajoz extremadura7dias.c&#8230; BADAJOZ DIREKT Badajoz badajozdirecto.com DIGITAL REGION Badajoz regiondigital.com DIARIO DE M\u00c9RIDA Merida diariodemerida.es V\u00c5R REGION Don Benito nuestracomarca.com LAS VEGAS BAJA F\u00d6NSTER Montijo Montijo ventanadigital.com KR\u00d6NIKOR AV ETT FOLK Montijo Montijo kr\u00f6nikor av ett folk&#8230; C\u00e1ceres EL PERI\u00d3DICO DE EXTREMADURA &#8230; <a title=\"Tidningar och tidningar i Extremadura\" class=\"read-more\" href=\"https:\/\/prensaescrita.org\/sv\/tidningar-och-tidningar-i-spanien\/tidningar-och-tidningar-i-extremadura\/\" aria-label=\"L\u00e4s mer om Tidningar och tidningar i Extremadura\">L\u00e4s mer<\/a><\/p>\n","protected":false},"author":1,"featured_media":0,"comment_status":"closed","ping_status":"open","sticky":false,"template":"","format":"standard","meta":{"footnotes":""},"categories":[157],"tags":[],"class_list":["post-3532","post","type-post","status-publish","format-standard","hentry","category-tidningar-och-tidningar-i-spanien","infinite-scroll-item","generate-columns","tablet-grid-50","mobile-grid-100","grid-parent","grid-33"],"_links":{"self":[{"href":"https:\/\/prensaescrita.org\/sv\/wp-json\/wp\/v2\/posts\/3532","targetHints":{"allow":["GET"]}}],"collection":[{"href":"https:\/\/prensaescrita.org\/sv\/wp-json\/wp\/v2\/posts"}],"about":[{"href":"https:\/\/prensaescrita.org\/sv\/wp-json\/wp\/v2\/types\/post"}],"author":[{"embeddable":true,"href":"https:\/\/prensaescrita.org\/sv\/wp-json\/wp\/v2\/users\/1"}],"replies":[{"embeddable":true,"href":"https:\/\/prensaescrita.org\/sv\/wp-json\/wp\/v2\/comments?post=3532"}],"version-history":[{"count":0,"href":"https:\/\/prensaescrita.org\/sv\/wp-json\/wp\/v2\/posts\/3532\/revisions"}],"wp:attachment":[{"href":"https:\/\/prensaescrita.org\/sv\/wp-json\/wp\/v2\/media?parent=3532"}],"wp:term":[{"taxonomy":"category","embeddable":true,"href":"https:\/\/prensaescrita.org\/sv\/wp-json\/wp\/v2\/categories?post=3532"},{"taxonomy":"post_tag","embeddable":true,"href":"https:\/\/prensaescrita.org\/sv\/wp-json\/wp\/v2\/tags?post=3532"}],"curies":[{"name":"wp","href":"https:\/\/api.w.org\/{rel}","templated":true}]}}