{"id":3329,"date":"2025-03-03T17:46:59","date_gmt":"2025-03-03T17:46:59","guid":{"rendered":"https:\/\/prensaescrita.org\/okategoriserad\/tidningar-och-tidningar-i-bosnien-och-hercegovina\/"},"modified":"2025-03-18T12:12:42","modified_gmt":"2025-03-18T12:12:42","slug":"tidningar-och-tidningar-i-bosnien-och-hercegovina","status":"publish","type":"post","link":"https:\/\/prensaescrita.org\/sv\/europa-sv\/tidningar-och-tidningar-i-bosnien-och-hercegovina\/","title":{"rendered":"Tidningar och tidningar i Bosnien och Hercegovina"},"content":{"rendered":"<div class=\"prensa-grid-container\"><div class=\"prensa-row\" itemscope itemtype=\"https:\/\/schema.org\/Organization\">  <div class=\"prensa-col-icon\"><img src=\"https:\/\/prensaescrita.org\/wp-content\/uploads\/2025\/03\/info.jpg\" alt=\"Diario\" width=\"13\" height=\"13\"><\/div>  <div class=\"prensa-col-name\" itemprop=\"name\"><strong>DNEVNI AVAZ<\/strong><\/div>  <div class=\"prensa-col-place\">Sarajevo<\/div>  <div class=\"prensa-col-url\"><a href=\"http:\/\/www.avaz.ba\" target=\"_blank\" rel=\"nofollow noopener\" itemprop=\"url\">avaz.ba<\/a><\/div><\/div><div class=\"prensa-row\" itemscope itemtype=\"https:\/\/schema.org\/Organization\">  <div class=\"prensa-col-icon\"><img src=\"https:\/\/prensaescrita.org\/wp-content\/uploads\/2025\/03\/info.jpg\" alt=\"Diario\" width=\"13\" height=\"13\"><\/div>  <div class=\"prensa-col-name\" itemprop=\"name\"><strong>OSLOBODENJE<\/strong><\/div>  <div class=\"prensa-col-place\">Sarajevo<\/div>  <div class=\"prensa-col-url\"><a href=\"http:\/\/www.oslobodjenje.ba\" target=\"_blank\" rel=\"nofollow noopener\" itemprop=\"url\">oslobodjenje.ba<\/a><\/div><\/div><div class=\"prensa-row\" itemscope itemtype=\"https:\/\/schema.org\/Organization\">  <div class=\"prensa-col-icon\"><img src=\"https:\/\/prensaescrita.org\/wp-content\/uploads\/2025\/03\/info.jpg\" alt=\"Diario\" width=\"13\" height=\"13\"><\/div>  <div class=\"prensa-col-name\" itemprop=\"name\"><strong>DNEVNI LISTA<\/strong><\/div>  <div class=\"prensa-col-place\">Sarajevo<\/div>  <div class=\"prensa-col-url\"><a href=\"http:\/\/www.dnevni-list.ba\" target=\"_blank\" rel=\"nofollow noopener\" itemprop=\"url\">dnevni-list.ba<\/a><\/div><\/div><div class=\"prensa-row\" itemscope itemtype=\"https:\/\/schema.org\/Organization\">  <div class=\"prensa-col-icon\"><img src=\"https:\/\/prensaescrita.org\/wp-content\/uploads\/2025\/03\/info.jpg\" alt=\"Diario\" width=\"13\" height=\"13\"><\/div>  <div class=\"prensa-col-name\" itemprop=\"name\"><strong>NEZAVISNE NOVINE<\/strong><\/div>  <div class=\"prensa-col-place\">Banya Luka<\/div>  <div class=\"prensa-col-url\"><a href=\"http:\/\/www.nezavisne.com\" target=\"_blank\" rel=\"nofollow noopener\" itemprop=\"url\">nezavisne.com<\/a><\/div><\/div><div class=\"prensa-row\" itemscope itemtype=\"https:\/\/schema.org\/Organization\">  <div class=\"prensa-col-icon\"><img src=\"https:\/\/prensaescrita.org\/wp-content\/uploads\/2025\/03\/info.jpg\" alt=\"Diario\" width=\"13\" height=\"13\"><\/div>  <div class=\"prensa-col-name\" itemprop=\"name\"><strong>GLAS SRPSKI<\/strong><\/div>  <div class=\"prensa-col-place\">Banya Luka<\/div>  <div class=\"prensa-col-url\"><a href=\"http:\/\/www.glassrpske.com\" target=\"_blank\" rel=\"nofollow noopener\" itemprop=\"url\">glassrpske.com<\/a><\/div><\/div><\/div>\n<hr style=\"border: none; height: 2px; background: linear-gradient(to right, transparent, #000, transparent); margin: 20px 0;\">\n<p><\/p>\n<h2 class=\"concss\">Lista \u00f6ver tidningar och tidskrifter i Bosnien och Hercegovina<\/h2>\n<p><\/p>\n<div class=\"estilo1\">I dagens digitala tids\u00e5lder forts\u00e4tter tidningar i Bosnien och Hercegovina att spela en avg\u00f6rande roll f\u00f6r att forma den allm\u00e4nna opinionen och sprida viktiga nyheter. Med en rik journalistisk tradition har medierna i detta Balkanland st\u00e5tt emot tidens tand och anpassat sig till de f\u00f6r\u00e4ndrade omst\u00e4ndigheterna och l\u00e4sarnas behov. Den h\u00e4r artikeln kommer att ge v\u00e4rdefull information om de olika tidningarna i Bosnien-Hercegovina och ge en omfattande \u00f6versikt \u00f6ver pressen i denna livliga nation. Tidningar i Bosnien-Hercegovina \u00e4r en ov\u00e4rderlig k\u00e4lla till lokal, regional och internationell information. Dessa medier, som omfattar b\u00e5de tryckta och digitala, tar upp ett brett spektrum av \u00e4mnen, fr\u00e5n politik och ekonomi till kultur och sport. Dessutom erbjuder m\u00e5nga av dessa tidningar ocks\u00e5 djupg\u00e5ende perspektiv och analyser av de senaste h\u00e4ndelserna, vilket hj\u00e4lper l\u00e4sarna att b\u00e4ttre f\u00f6rst\u00e5 sammanhanget och konsekvenserna av nyheterna.    <\/p>\n<p>N\u00e5gra av de mest framst\u00e5ende dagstidningarna i Bosnien-Hercegovina \u00e4r Dnevni Avaz, Oslobodenje och Nezavisne Novine. Dessa tidningar \u00e4r inte bara k\u00e4nda f\u00f6r sin omfattande nyhetsbevakning, utan ocks\u00e5 f\u00f6r sitt engagemang f\u00f6r etisk och kvalitetsjournalistik. De har team av erfarna och engagerade journalister som arbetar outtr\u00f6ttligt f\u00f6r att f\u00f6rse l\u00e4sarna med korrekta och aktuella nyheter.  <\/p>\n<p>F\u00f6rutom tidningar med nationell spridning finns det ocks\u00e5 flera dagstidningar i Bosnien och Hercegovina som fokuserar p\u00e5 lokala och regionala nyheter. Dessa tidningar, som Glas Srpske och Hercegovacke Novine, spelar en avg\u00f6rande roll n\u00e4r det g\u00e4ller att t\u00e4cka fr\u00e5gor som \u00e4r s\u00e4rskilt relevanta f\u00f6r deras respektive samh\u00e4llen. De ger en unik inblick i lokala h\u00e4ndelser och fr\u00e5gor, vilket ger ett perspektiv som ofta f\u00f6rbises i nationella och internationella medier.  <\/p>\n<p>Pressen i Bosnien och Hercegovina k\u00e4nnetecknas ocks\u00e5 av sin spr\u00e5kliga m\u00e5ngfald. Eftersom landet \u00e4r hem f\u00f6r flera etniska grupper publiceras m\u00e5nga tidningar p\u00e5 olika spr\u00e5k, bland annat bosniska, serbiska och kroatiska. Denna spr\u00e5kliga m\u00e5ngfald \u00e5terspeglar den rika kulturella blandningen i Bosnien-Hercegovina och g\u00f6r det m\u00f6jligt f\u00f6r tidningarna att n\u00e5 ett brett spektrum av l\u00e4sare.  <\/p>\n<p>Kort sagt \u00e4r Bosnien-Hercegovinas tidningar en integrerad del av landets medielandskap. Oavsett om du letar efter de senaste nationella nyheterna, en lokal insikt eller en djupg\u00e5ende analys, kommer du garanterat att hitta en dagstidning i Bosnien och Hercegovina som passar dina behov. Se till att ta en titt p\u00e5 den bifogade tabellen f\u00f6r en komplett lista \u00f6ver de tidningar som finns tillg\u00e4ngliga i detta fascinerande land.  <\/p>\n<\/div>\n","protected":false},"excerpt":{"rendered":"<p>DNEVNI AVAZ Sarajevo avaz.ba OSLOBODENJE Sarajevo oslobodjenje.ba DNEVNI LISTA Sarajevo dnevni-list.ba NEZAVISNE NOVINE Banya Luka nezavisne.com GLAS SRPSKI Banya Luka glassrpske.com Lista \u00f6ver tidningar och tidskrifter i Bosnien och Hercegovina I dagens digitala tids\u00e5lder forts\u00e4tter tidningar i Bosnien och Hercegovina att spela en avg\u00f6rande roll f\u00f6r att forma den allm\u00e4nna opinionen och sprida viktiga nyheter. &#8230; <a title=\"Tidningar och tidningar i Bosnien och Hercegovina\" class=\"read-more\" href=\"https:\/\/prensaescrita.org\/sv\/europa-sv\/tidningar-och-tidningar-i-bosnien-och-hercegovina\/\" aria-label=\"L\u00e4s mer om Tidningar och tidningar i Bosnien och Hercegovina\">L\u00e4s mer<\/a><\/p>\n","protected":false},"author":1,"featured_media":0,"comment_status":"closed","ping_status":"open","sticky":false,"template":"","format":"standard","meta":{"footnotes":""},"categories":[167],"tags":[],"class_list":["post-3329","post","type-post","status-publish","format-standard","hentry","category-europa-sv","infinite-scroll-item","generate-columns","tablet-grid-50","mobile-grid-100","grid-parent","grid-33"],"_links":{"self":[{"href":"https:\/\/prensaescrita.org\/sv\/wp-json\/wp\/v2\/posts\/3329","targetHints":{"allow":["GET"]}}],"collection":[{"href":"https:\/\/prensaescrita.org\/sv\/wp-json\/wp\/v2\/posts"}],"about":[{"href":"https:\/\/prensaescrita.org\/sv\/wp-json\/wp\/v2\/types\/post"}],"author":[{"embeddable":true,"href":"https:\/\/prensaescrita.org\/sv\/wp-json\/wp\/v2\/users\/1"}],"replies":[{"embeddable":true,"href":"https:\/\/prensaescrita.org\/sv\/wp-json\/wp\/v2\/comments?post=3329"}],"version-history":[{"count":1,"href":"https:\/\/prensaescrita.org\/sv\/wp-json\/wp\/v2\/posts\/3329\/revisions"}],"predecessor-version":[{"id":4228,"href":"https:\/\/prensaescrita.org\/sv\/wp-json\/wp\/v2\/posts\/3329\/revisions\/4228"}],"wp:attachment":[{"href":"https:\/\/prensaescrita.org\/sv\/wp-json\/wp\/v2\/media?parent=3329"}],"wp:term":[{"taxonomy":"category","embeddable":true,"href":"https:\/\/prensaescrita.org\/sv\/wp-json\/wp\/v2\/categories?post=3329"},{"taxonomy":"post_tag","embeddable":true,"href":"https:\/\/prensaescrita.org\/sv\/wp-json\/wp\/v2\/tags?post=3329"}],"curies":[{"name":"wp","href":"https:\/\/api.w.org\/{rel}","templated":true}]}}