{"id":2838,"date":"2025-03-03T18:25:36","date_gmt":"2025-03-03T18:25:36","guid":{"rendered":"https:\/\/prensaescrita.org\/okategoriserad\/tidningar-och-tidningar-i-serbien\/"},"modified":"2025-03-18T12:13:21","modified_gmt":"2025-03-18T12:13:21","slug":"tidningar-och-tidningar-i-serbien","status":"publish","type":"post","link":"https:\/\/prensaescrita.org\/sv\/europa-sv\/tidningar-och-tidningar-i-serbien\/","title":{"rendered":"Tidningar och tidningar i Serbien"},"content":{"rendered":"<div class=\"prensa-grid-container\"><div class=\"prensa-row\" itemscope itemtype=\"https:\/\/schema.org\/Organization\">  <div class=\"prensa-col-icon\"><img src=\"https:\/\/prensaescrita.org\/wp-content\/uploads\/2025\/03\/info.jpg\" alt=\"Diario\" width=\"13\" height=\"13\"><\/div>  <div class=\"prensa-col-name\" itemprop=\"name\"><strong>VECERNJE NOVOSTI<\/strong><\/div>  <div class=\"prensa-col-place\">Belgrad<\/div>  <div class=\"prensa-col-url\"><a href=\"http:\/\/www.novosti.rs\" target=\"_blank\" rel=\"nofollow noopener\" itemprop=\"url\">novosti.rs<\/a><\/div><\/div><div class=\"prensa-row\" itemscope itemtype=\"https:\/\/schema.org\/Organization\">  <div class=\"prensa-col-icon\"><img src=\"https:\/\/prensaescrita.org\/wp-content\/uploads\/2025\/03\/info.jpg\" alt=\"Diario\" width=\"13\" height=\"13\"><\/div>  <div class=\"prensa-col-name\" itemprop=\"name\"><strong>BLIC BLIC (BLIC)<\/strong><\/div>  <div class=\"prensa-col-place\">Belgrad<\/div>  <div class=\"prensa-col-url\"><a href=\"http:\/\/www.blic.rs\" target=\"_blank\" rel=\"nofollow noopener\" itemprop=\"url\">blic.rs<\/a><\/div><\/div><div class=\"prensa-row\" itemscope itemtype=\"https:\/\/schema.org\/Organization\">  <div class=\"prensa-col-icon\"><img src=\"https:\/\/prensaescrita.org\/wp-content\/uploads\/2025\/03\/info.jpg\" alt=\"Diario\" width=\"13\" height=\"13\"><\/div>  <div class=\"prensa-col-name\" itemprop=\"name\"><strong>POLITIKS<\/strong><\/div>  <div class=\"prensa-col-place\">Belgrad<\/div>  <div class=\"prensa-col-url\"><a href=\"http:\/\/www.politika.rs\" target=\"_blank\" rel=\"nofollow noopener\" itemprop=\"url\">politika.rs<\/a><\/div><\/div><div class=\"prensa-row\" itemscope itemtype=\"https:\/\/schema.org\/Organization\">  <div class=\"prensa-col-icon\"><img src=\"https:\/\/prensaescrita.org\/wp-content\/uploads\/2025\/03\/info.jpg\" alt=\"Diario\" width=\"13\" height=\"13\"><\/div>  <div class=\"prensa-col-name\" itemprop=\"name\"><strong>SKADA<\/strong><\/div>  <div class=\"prensa-col-place\">Belgrad<\/div>  <div class=\"prensa-col-url\"><a href=\"http:\/\/www.danas.rs\" target=\"_blank\" rel=\"nofollow noopener\" itemprop=\"url\">danas.rs<\/a><\/div><\/div><div class=\"prensa-section-header\">KOSOVO<\/div><div class=\"prensa-row\" itemscope itemtype=\"https:\/\/schema.org\/Organization\">  <div class=\"prensa-col-icon\"><img src=\"https:\/\/prensaescrita.org\/wp-content\/uploads\/2025\/03\/info.jpg\" alt=\"Diario\" width=\"13\" height=\"13\"><\/div>  <div class=\"prensa-col-name\" itemprop=\"name\"><strong>KOHA DITORE<\/strong><\/div>  <div class=\"prensa-col-place\">Pristina<\/div>  <div class=\"prensa-col-url\"><a href=\"http:\/\/www.koha.net\" target=\"_blank\" rel=\"nofollow noopener\" itemprop=\"url\">koha.net<\/a><\/div><\/div><div class=\"prensa-row\" itemscope itemtype=\"https:\/\/schema.org\/Organization\">  <div class=\"prensa-col-icon\"><img src=\"https:\/\/prensaescrita.org\/wp-content\/uploads\/2025\/03\/info.jpg\" alt=\"Diario\" width=\"13\" height=\"13\"><\/div>  <div class=\"prensa-col-name\" itemprop=\"name\"><strong>UTTRYCKA<\/strong><\/div>  <div class=\"prensa-col-place\">Pristina<\/div>  <div class=\"prensa-col-url\"><a href=\"http:\/\/www.gazetaexpress.com\" target=\"_blank\" rel=\"nofollow noopener\" itemprop=\"url\">gazetaexpress.com<\/a><\/div><\/div><div class=\"prensa-row\" itemscope itemtype=\"https:\/\/schema.org\/Organization\">  <div class=\"prensa-col-icon\"><img src=\"https:\/\/prensaescrita.org\/wp-content\/uploads\/2025\/03\/info.jpg\" alt=\"Diario\" width=\"13\" height=\"13\"><\/div>  <div class=\"prensa-col-name\" itemprop=\"name\"><strong>SOT<\/strong><\/div>  <div class=\"prensa-col-place\">Pristina<\/div>  <div class=\"prensa-col-url\"><a href=\"http:\/\/www.botasot.info\" target=\"_blank\" rel=\"nofollow noopener\" itemprop=\"url\">botasot.info<\/a><\/div><\/div><div class=\"prensa-row\" itemscope itemtype=\"https:\/\/schema.org\/Organization\">  <div class=\"prensa-col-icon\"><img src=\"https:\/\/prensaescrita.org\/wp-content\/uploads\/2025\/03\/info.jpg\" alt=\"Diario\" width=\"13\" height=\"13\"><\/div>  <div class=\"prensa-col-name\" itemprop=\"name\"><strong>KOSOVA PRESS<\/strong><\/div>  <div class=\"prensa-col-place\">Pristina<\/div>  <div class=\"prensa-col-url\"><a href=\"https:\/\/www.kosovapress.com\" target=\"_blank\" rel=\"nofollow noopener\" itemprop=\"url\">kosovapress.com<\/a><\/div><\/div><\/div>\n<hr style=\"border: none; height: 2px; background: linear-gradient(to right, transparent, #000, transparent); margin: 20px 0;\">\n<p><\/p>\n<h2 class=\"concss\">Lista \u00f6ver tidningar och tidningar i Serbien<\/h2>\n<p><\/p>\n<div class=\"estilo1\">Om du vill veta de mest relevanta nyheterna och aktualiteterna fr\u00e5n Balkan kan du inte f\u00f6rbise tidningarna i Serbien. Detta land, med en rik historia och fascinerande kultur, har ett brett utbud av tidningar och publikationer f\u00f6r att h\u00e5lla sina medborgare och v\u00e4rlden informerade. I den h\u00e4r artikeln kommer vi att fokusera p\u00e5 de olika tidningarna i Serbien och utforska deras inneh\u00e5ll och informationsv\u00e4rde. Serbiens tidningar \u00e4r en viktig k\u00e4lla till nyheter och analyser f\u00f6r b\u00e5de lokalbefolkningen och de som \u00e4r intresserade av regionen. Tidningar i Serbien \u00e4r k\u00e4nda f\u00f6r sin rigor\u00f6sa journalistik och djupg\u00e5ende t\u00e4ckning av lokala, nationella och internationella nyheter. Dessa medier erbjuder en m\u00e4ngd olika perspektiv, fr\u00e5n politiska och ekonomiska till sport och underh\u00e5llning, och erbjuder ett brett spektrum av information f\u00f6r sina l\u00e4sare.    <\/p>\n<p>Serbiska tidningar utm\u00e4rker sig ocks\u00e5 n\u00e4r det g\u00e4ller att t\u00e4cka politiska och sociala nyheter. Genom pressen kan du f\u00e5 en detaljerad inblick i landets politiska dynamik, sociala sp\u00e4nningar och ekonomiska problem. Dagb\u00f6cker p\u00e5 Serbien \u00e4r ett f\u00f6nster in i livet och h\u00e4ndelserna i landet, vilket ger en detaljerad analys i realtid av de viktigaste h\u00e4ndelserna.  <\/p>\n<p>Den serbiska pressen \u00e4r ocks\u00e5 en viktig k\u00e4lla f\u00f6r internationell nyhetsbevakning. Serbiska tidningar \u00e4r k\u00e4nda f\u00f6r sitt fokus p\u00e5 internationella relationer, s\u00e4rskilt n\u00e4r det g\u00e4ller Europeiska unionen och Balkan. Tidningar i Serbien \u00e4r d\u00e4rf\u00f6r en utm\u00e4rkt k\u00e4lla f\u00f6r dem som letar efter ett \u00f6steuropeiskt perspektiv p\u00e5 globala h\u00e4ndelser.  <\/p>\n<p>F\u00f6rutom nyhetsbevakning erbjuder Serbiens tidningar \u00e4ven underh\u00e5llning och livsstilsinneh\u00e5ll. Fr\u00e5n de senaste trenderna inom mode och gastronomi till film- och musikrecensioner, Serbiens press erbjuder m\u00e5ngsidigt och engagerande inneh\u00e5ll som speglar landets pulserande kultur. <\/p>\n<p>Dessutom finns m\u00e5nga av Serbiens tidningar tillg\u00e4ngliga online, vilket g\u00f6r det l\u00e4tt att komma \u00e5t b\u00e5de deras lokala och internationella l\u00e4sare. Tidningar i Serbien har anammat den digitala tids\u00e5ldern och erbjuder digitala versioner av sina tryck och uppdateringar i realtid via sina webbplatser och mobilappar. <\/p>\n<p>Sammanfattningsvis \u00e4r Serbiens tidningar en ov\u00e4rderlig k\u00e4lla till nyheter och analys. Oavsett om du letar efter politiska, ekonomiska, sport- eller underh\u00e5llningsnyheter har Serbiens press n\u00e5got att erbjuda. Med sin djupg\u00e5ende t\u00e4ckning och sitt unika perspektiv \u00e4r tidningar i Serbien en oumb\u00e4rlig informationsk\u00e4lla f\u00f6r dem som \u00e4r intresserade av denna fascinerande region.  <\/p>\n<\/div>\n","protected":false},"excerpt":{"rendered":"<p>VECERNJE NOVOSTI Belgrad novosti.rs BLIC BLIC (BLIC) Belgrad blic.rs POLITIKS Belgrad politika.rs SKADA Belgrad danas.rsKOSOVO KOHA DITORE Pristina koha.net UTTRYCKA Pristina gazetaexpress.com SOT Pristina botasot.info KOSOVA PRESS Pristina kosovapress.com Lista \u00f6ver tidningar och tidningar i Serbien Om du vill veta de mest relevanta nyheterna och aktualiteterna fr\u00e5n Balkan kan du inte f\u00f6rbise tidningarna i Serbien. &#8230; <a title=\"Tidningar och tidningar i Serbien\" class=\"read-more\" href=\"https:\/\/prensaescrita.org\/sv\/europa-sv\/tidningar-och-tidningar-i-serbien\/\" aria-label=\"L\u00e4s mer om Tidningar och tidningar i Serbien\">L\u00e4s mer<\/a><\/p>\n","protected":false},"author":1,"featured_media":0,"comment_status":"closed","ping_status":"open","sticky":false,"template":"","format":"standard","meta":{"footnotes":""},"categories":[167],"tags":[],"class_list":["post-2838","post","type-post","status-publish","format-standard","hentry","category-europa-sv","infinite-scroll-item","generate-columns","tablet-grid-50","mobile-grid-100","grid-parent","grid-33"],"_links":{"self":[{"href":"https:\/\/prensaescrita.org\/sv\/wp-json\/wp\/v2\/posts\/2838","targetHints":{"allow":["GET"]}}],"collection":[{"href":"https:\/\/prensaescrita.org\/sv\/wp-json\/wp\/v2\/posts"}],"about":[{"href":"https:\/\/prensaescrita.org\/sv\/wp-json\/wp\/v2\/types\/post"}],"author":[{"embeddable":true,"href":"https:\/\/prensaescrita.org\/sv\/wp-json\/wp\/v2\/users\/1"}],"replies":[{"embeddable":true,"href":"https:\/\/prensaescrita.org\/sv\/wp-json\/wp\/v2\/comments?post=2838"}],"version-history":[{"count":1,"href":"https:\/\/prensaescrita.org\/sv\/wp-json\/wp\/v2\/posts\/2838\/revisions"}],"predecessor-version":[{"id":4292,"href":"https:\/\/prensaescrita.org\/sv\/wp-json\/wp\/v2\/posts\/2838\/revisions\/4292"}],"wp:attachment":[{"href":"https:\/\/prensaescrita.org\/sv\/wp-json\/wp\/v2\/media?parent=2838"}],"wp:term":[{"taxonomy":"category","embeddable":true,"href":"https:\/\/prensaescrita.org\/sv\/wp-json\/wp\/v2\/categories?post=2838"},{"taxonomy":"post_tag","embeddable":true,"href":"https:\/\/prensaescrita.org\/sv\/wp-json\/wp\/v2\/tags?post=2838"}],"curies":[{"name":"wp","href":"https:\/\/api.w.org\/{rel}","templated":true}]}}