{"id":1575,"date":"2025-03-05T20:16:01","date_gmt":"2025-03-05T20:16:01","guid":{"rendered":"https:\/\/prensaescrita.org\/okategoriserad\/tidningar-och-tidningar-i-tucuman\/"},"modified":"2025-03-05T20:16:01","modified_gmt":"2025-03-05T20:16:01","slug":"tidningar-och-tidningar-i-tucuman","status":"publish","type":"post","link":"https:\/\/prensaescrita.org\/sv\/tidningar-och-tidningar-i-argentina\/tidningar-och-tidningar-i-tucuman\/","title":{"rendered":"Tidningar och tidningar i Tucum\u00e1n"},"content":{"rendered":"<div class=\"box-shadow-light\" style=\"margin-bottom: 30px;\">\n<table border=\"0\" width=\"100%\" cellspacing=\"0\" cellpadding=\"2\" bgcolor=\"#ffffff\">\n<tbody>\n<tr>\n<td width=\"20\">\n<table border=\"0\" cellspacing=\"1\">\n<tbody>\n<tr>\n<td><img loading=\"lazy\" decoding=\"async\" title=\"DIGITALT NR\" src=\"http:\/\/prensaescrita.org\/wp-content\/uploads\/2025\/03\/dig-no.jpg\" alt=\"N\" width=\"13\" height=\"13\"><\/td>\n<\/tr>\n<\/tbody>\n<\/table>\n<\/td>\n<td width=\"150\"><span style=\"font-family: tahoma; font-size: medium;\"><b>TIDNINGEN<\/b><\/span><\/td>\n<td width=\"94\"><span style=\"font-family: verdana; font-size: medium;\"><strong>Tucuman<\/strong><\/span><\/td>\n<td width=\"162\"><span style=\"font-family: verdana; font-size: medium;\"><a href=\"https:\/\/www.lagaceta.com.ar\" target=\"_blank\" rel=\"nofollow noopener\">lagaceta.com.ar<\/a><\/span><\/td>\n<\/tr>\n<tr>\n<td width=\"20\">\n<table border=\"0\" cellspacing=\"1\">\n<tbody>\n<tr>\n<td><img loading=\"lazy\" decoding=\"async\" title=\"DIGITALT NR\" src=\"http:\/\/prensaescrita.org\/wp-content\/uploads\/2025\/03\/dig-no.jpg\" alt=\"N\" width=\"13\" height=\"13\"><\/td>\n<\/tr>\n<\/tbody>\n<\/table>\n<\/td>\n<td width=\"150\"><span style=\"font-family: tahoma; font-size: medium;\"><b>\u00c5RHUNDRADET<\/b><\/span><\/td>\n<td width=\"94\"><span style=\"font-family: verdana; font-size: medium;\"><strong>Tucuman<\/strong><\/span><\/td>\n<td width=\"162\"><span style=\"font-family: verdana; font-size: medium;\"><a href=\"http:\/\/www.elsigloweb.com\" target=\"_blank\" rel=\"nofollow noopener\">elsigloweb.com<\/a><\/span><\/td>\n<\/tr>\n<tr>\n<td width=\"20\">\n<table border=\"0\" cellspacing=\"1\">\n<tbody>\n<tr>\n<td><img loading=\"lazy\" decoding=\"async\" title=\"DIGITALT JA\" src=\"http:\/\/prensaescrita.org\/wp-content\/uploads\/2025\/03\/dig.jpg\" alt=\"S\" width=\"13\" height=\"13\"><\/td>\n<\/tr>\n<\/tbody>\n<\/table>\n<\/td>\n<td width=\"150\"><span style=\"font-family: tahoma; font-size: medium;\"><b>DEN TUCUM\u00c1N<\/b><\/span><\/td>\n<td width=\"94\"><span style=\"font-family: verdana; font-size: medium;\"><strong>Tucuman<\/strong><\/span><\/td>\n<td width=\"162\"><span style=\"font-family: verdana; font-size: medium;\"><a href=\"https:\/\/www.eltucumano.com\" target=\"_blank\" rel=\"nofollow noopener\">eltucumano.com<\/a><\/span><\/td>\n<\/tr>\n<tr>\n<td width=\"20\">\n<table border=\"0\" cellspacing=\"1\">\n<tbody>\n<tr>\n<td><img loading=\"lazy\" decoding=\"async\" title=\"DIGITALT JA\" src=\"http:\/\/prensaescrita.org\/wp-content\/uploads\/2025\/03\/dig.jpg\" alt=\"S\" width=\"13\" height=\"13\"><\/td>\n<\/tr>\n<\/tbody>\n<\/table>\n<\/td>\n<td width=\"150\"><span style=\"font-family: tahoma; font-size: medium;\"><b>F\u00d6RSTA K\u00c4LLAN<\/b><\/span><\/td>\n<td width=\"94\"><span style=\"font-family: verdana; font-size: medium;\"><strong>Tucuman<\/strong><\/span><\/td>\n<td width=\"162\"><span style=\"font-family: verdana; font-size: medium;\"><a href=\"http:\/\/www.primerafuente.com.ar\" target=\"_blank\" rel=\"nofollow noopener\">primerafuente.com&#8230;.<\/a><\/span><\/td>\n<\/tr>\n<tr>\n<td width=\"20\">\n<table border=\"0\" cellspacing=\"1\">\n<tbody>\n<tr>\n<td><img loading=\"lazy\" decoding=\"async\" title=\"DIGITALT JA\" src=\"http:\/\/prensaescrita.org\/wp-content\/uploads\/2025\/03\/dig.jpg\" alt=\"S\" width=\"13\" height=\"13\"><\/td>\n<\/tr>\n<\/tbody>\n<\/table>\n<\/td>\n<td width=\"150\"><span style=\"font-family: tahoma; font-size: medium;\"><b>TUCUM\u00c1N NYHETER<\/b><\/span><\/td>\n<td width=\"94\"><span style=\"font-family: verdana; font-size: medium;\"><strong>Tucuman<\/strong><\/span><\/td>\n<td width=\"162\"><span style=\"font-family: verdana; font-size: medium;\"><a href=\"http:\/\/www.tucumanoticias.com.ar\" target=\"_blank\" rel=\"nofollow noopener\">tucumanoticias.com&#8230;<\/a><\/span><\/td>\n<\/tr>\n<tr>\n<td width=\"20\">\n<table border=\"0\" cellspacing=\"1\">\n<tbody>\n<tr>\n<td><img loading=\"lazy\" decoding=\"async\" title=\"DIGITALT JA\" src=\"http:\/\/prensaescrita.org\/wp-content\/uploads\/2025\/03\/dig.jpg\" alt=\"S\" width=\"13\" height=\"13\"><\/td>\n<\/tr>\n<\/tbody>\n<\/table>\n<\/td>\n<td width=\"150\"><span style=\"font-family: tahoma; font-size: medium;\"><b>TRIBUNEN I TUCUM\u00c1N<\/b><\/span><\/td>\n<td width=\"94\"><span style=\"font-family: verdana; font-size: medium;\"><strong>Tucuman<\/strong><\/span><\/td>\n<td width=\"162\"><span style=\"font-family: verdana; font-size: medium;\"><a href=\"https:\/\/www.eltribunotucuman.info\" target=\"_blank\" rel=\"nofollow noopener\">eltribunotucuman.i&#8230;<\/a><\/span><\/td>\n<\/tr>\n<tr>\n<td width=\"20\">\n<table border=\"0\" cellspacing=\"1\">\n<tbody>\n<tr>\n<td><img loading=\"lazy\" decoding=\"async\" title=\"DIGITALT JA\" src=\"http:\/\/prensaescrita.org\/wp-content\/uploads\/2025\/03\/dig.jpg\" alt=\"S\" width=\"13\" height=\"13\"><\/td>\n<\/tr>\n<\/tbody>\n<\/table>\n<\/td>\n<td width=\"150\"><span style=\"font-family: tahoma; font-size: medium;\"><b>FJ\u00c4RDE ST\u00c5NDET<\/b><\/span><\/td>\n<td width=\"94\"><span style=\"font-family: verdana; font-size: medium;\"><strong>Tucuman<\/strong><\/span><\/td>\n<td width=\"162\"><span style=\"font-family: verdana; font-size: medium;\"><a href=\"https:\/\/www.diariocuartopoder.com\" target=\"_blank\" rel=\"nofollow noopener\">DiarioCuartoPoder&#8230;.<\/a><\/span><\/td>\n<\/tr>\n<tr>\n<td width=\"20\">\n<table border=\"0\" cellspacing=\"1\">\n<tbody>\n<tr>\n<td><img loading=\"lazy\" decoding=\"async\" title=\"DIGITALT JA\" src=\"http:\/\/prensaescrita.org\/wp-content\/uploads\/2025\/03\/dig.jpg\" alt=\"S\" width=\"13\" height=\"13\"><\/td>\n<\/tr>\n<\/tbody>\n<\/table>\n<\/td>\n<td width=\"150\"><span style=\"font-family: tahoma; font-size: medium;\"><b>EL DIARIO 24<\/b><\/span><\/td>\n<td width=\"94\"><span style=\"font-family: verdana; font-size: medium;\"><strong>Tucuman<\/strong><\/span><\/td>\n<td width=\"162\"><span style=\"font-family: verdana; font-size: medium;\"><a href=\"https:\/\/www.eldiario24.com\" target=\"_blank\" rel=\"nofollow noopener\">eldiario24.com<\/a><\/span><\/td>\n<\/tr>\n<tr>\n<td width=\"20\">\n<table border=\"0\" cellspacing=\"1\">\n<tbody>\n<tr>\n<td><img loading=\"lazy\" decoding=\"async\" title=\"DIGITALT JA\" src=\"http:\/\/prensaescrita.org\/wp-content\/uploads\/2025\/03\/dig.jpg\" alt=\"S\" width=\"13\" height=\"13\"><\/td>\n<\/tr>\n<\/tbody>\n<\/table>\n<\/td>\n<td width=\"150\"><span style=\"font-family: tahoma; font-size: medium;\"><b>EL DIARIO DE TUCUM\u00c1N<\/b><\/span><\/td>\n<td width=\"94\"><span style=\"font-family: verdana; font-size: medium;\"><strong>Tucuman<\/strong><\/span><\/td>\n<td width=\"162\"><span style=\"font-family: verdana; font-size: medium;\"><a href=\"http:\/\/www.eldiariodetucuman.com\" target=\"_blank\" rel=\"nofollow noopener\">ElDiariodeTucum\u00e1n&#8230;.<\/a><\/span><\/td>\n<\/tr>\n<tr>\n<td width=\"20\">\n<table border=\"0\" cellspacing=\"1\">\n<tbody>\n<tr>\n<td><img loading=\"lazy\" decoding=\"async\" title=\"DIGITALT JA\" src=\"http:\/\/prensaescrita.org\/wp-content\/uploads\/2025\/03\/dig.jpg\" alt=\"S\" width=\"13\" height=\"13\"><\/td>\n<\/tr>\n<\/tbody>\n<\/table>\n<\/td>\n<td width=\"150\"><span style=\"font-family: tahoma; font-size: medium;\"><b>TR\u00c4DG\u00c5RD NYHETER<\/b><\/span><\/td>\n<td width=\"94\"><span style=\"font-family: verdana; font-size: medium;\"><strong>Gr\u00f6nmynta<\/strong><\/span><\/td>\n<td width=\"162\"><span style=\"font-family: verdana; font-size: medium;\"><a href=\"https:\/\/www.noticiasdeljardin.com.ar\" target=\"_blank\" rel=\"nofollow noopener\">Nyheter fr\u00e5n tr\u00e4dg\u00e5rden&#8230;.<\/a><\/span><\/td>\n<\/tr>\n<tr>\n<td width=\"20\">\n<table border=\"0\" cellspacing=\"1\">\n<tbody>\n<tr>\n<td><img loading=\"lazy\" decoding=\"async\" title=\"DIGITALT JA\" src=\"http:\/\/prensaescrita.org\/wp-content\/uploads\/2025\/03\/dig.jpg\" alt=\"S\" width=\"13\" height=\"13\"><\/td>\n<\/tr>\n<\/tbody>\n<\/table>\n<\/td>\n<td width=\"150\"><span style=\"font-family: tahoma; font-size: medium;\"><b>UNDER F\u00d6RSTORINGSGLASET<\/b><\/span><\/td>\n<td width=\"94\"><span style=\"font-family: verdana; font-size: medium;\"><strong>F\u00f6rest\u00e4llning<\/strong><\/span><\/td>\n<td width=\"162\"><span style=\"font-family: verdana; font-size: medium;\"><a href=\"https:\/\/www.noticiasdeljardin.com.ar\" target=\"_blank\" rel=\"nofollow noopener\">Nyheter fr\u00e5n tr\u00e4dg\u00e5rden&#8230;.<\/a><\/span><\/td>\n<\/tr>\n<tr>\n<td width=\"20\">\n<table border=\"0\" cellspacing=\"1\">\n<tbody>\n<tr>\n<td><img loading=\"lazy\" decoding=\"async\" title=\"DIGITALT JA\" src=\"http:\/\/prensaescrita.org\/wp-content\/uploads\/2025\/03\/dig.jpg\" alt=\"S\" width=\"13\" height=\"13\"><\/td>\n<\/tr>\n<\/tbody>\n<\/table>\n<\/td>\n<td width=\"150\"><span style=\"font-family: tahoma; font-size: medium;\"><b>TUCUM\u00c1N VINDAR<\/b><\/span><\/td>\n<td width=\"94\"><span style=\"font-family: verdana; font-size: medium;\"><strong>F\u00f6rest\u00e4llning<\/strong><\/span><\/td>\n<td width=\"162\"><span style=\"font-family: verdana; font-size: medium;\"><a href=\"https:\/\/www.vientostucumanos.com.ar\" target=\"_blank\" rel=\"nofollow noopener\">WindsTucumans.c&#8230;<\/a><\/span><\/td>\n<\/tr>\n<tr>\n<td width=\"20\">\n<table border=\"0\" cellspacing=\"1\">\n<tbody>\n<tr>\n<td><img loading=\"lazy\" decoding=\"async\" title=\"DIGITALT JA\" src=\"http:\/\/prensaescrita.org\/wp-content\/uploads\/2025\/03\/dig.jpg\" alt=\"S\" width=\"13\" height=\"13\"><\/td>\n<\/tr>\n<\/tbody>\n<\/table>\n<\/td>\n<td width=\"150\"><span style=\"font-family: tahoma; font-size: medium;\"><b>MONTERIZOS<\/b><\/span><\/td>\n<td width=\"94\"><span style=\"font-family: verdana; font-size: medium;\"><strong>Monteros<\/strong><\/span><\/td>\n<td width=\"162\"><span style=\"font-family: verdana; font-size: medium;\"><a href=\"https:\/\/www.monterizos.com.ar\" target=\"_blank\" rel=\"nofollow noopener\">monterizos.com.ar<\/a><\/span><\/td>\n<\/tr>\n<\/tbody>\n<\/table>\n<p><img decoding=\"async\" src=\"https:\/\/prensaescrita.org\/wp-content\/uploads\/2025\/03\/info.jpg\" alt=\"RSS\">  Allm\u00e4n information \u2013 <img decoding=\"async\" src=\"https:\/\/prensaescrita.org\/wp-content\/uploads\/2025\/03\/deporte.jpg\" alt=\"t\u00e4cka\"> Sport\/Ekonomi<\/div>\n<hr style=\"border: none; height: 2px; background: linear-gradient(to right, transparent, #000, transparent); margin: 20px 0;\">\n<p><\/p>\n<h2 class=\"concss\">Lista \u00f6ver tidningar och tidskrifter i Tucum\u00e1n<\/h2>\n<p><\/p>\n<div class=\"estilo1\">Om du letar efter aktuell information om vad som h\u00e4nder i provinsen Tucum\u00e1n \u00e4r tidningarna i regionen en utm\u00e4rkt nyhetsk\u00e4lla. Tidningar i Tucum\u00e1n erbjuder omfattande t\u00e4ckning av lokala, nationella och internationella fr\u00e5gor och h\u00e5ller l\u00e4sarna informerade om de mest relevanta h\u00e4ndelserna. Pressen i Tucum\u00e1n k\u00e4nnetecknas av sin m\u00e5ngfald av tillv\u00e4gag\u00e5ngss\u00e4tt och \u00e5sikter, vilket g\u00f6r det m\u00f6jligt f\u00f6r l\u00e4sarna att f\u00e5 en mer komplett bild av den verklighet som omger provinsen. Fr\u00e5n politiska nyheter till kulturella h\u00e4ndelser, Tucum\u00e1n-tidningar tar upp ett brett spektrum av \u00e4mnen f\u00f6r att tillfredsst\u00e4lla sin publiks intressen.  <\/p>\n<p>Bland de viktigaste tidningarna i Tucum\u00e1n finns La Gaceta, en av de \u00e4ldsta och mest erk\u00e4nda tidningarna i regionen, som har en l\u00e5ng historia inom lokal journalistik. En annan framst\u00e5ende tidning \u00e4r El Siglo, som har utm\u00e4rkt sig f\u00f6r sin balanserade och objektiva bevakning av de mest relevanta h\u00e4ndelserna. <\/p>\n<p>Dessutom \u00e4r La Naci\u00f3n Tucum\u00e1n en annan k\u00e4nd tidning i provinsen, som har etablerat sig som en p\u00e5litlig informationsk\u00e4lla f\u00f6r folket i Tucum\u00e1n. El Tribuno de Tucum\u00e1n \u00e4r en annan prestigefylld tidning som ger utt\u00f6mmande t\u00e4ckning av de viktigaste h\u00e4ndelserna i regionen. <\/p>\n<p>Kort sagt \u00e4r Tucum\u00e1ns tidningar ett oumb\u00e4rligt verktyg f\u00f6r att h\u00e5lla sig informerad om vad som h\u00e4nder i provinsen och i v\u00e4rlden. Med sin m\u00e5ngfald av tillv\u00e4gag\u00e5ngss\u00e4tt och omfattande t\u00e4ckning av de mest relevanta \u00e4mnena \u00e4r tidningar i Tucum\u00e1n en p\u00e5litlig nyhetsk\u00e4lla f\u00f6r l\u00e4sare som \u00e4r ivriga efter aktuell information. <\/p>\n<\/div>\n","protected":false},"excerpt":{"rendered":"<p>TIDNINGEN Tucuman lagaceta.com.ar \u00c5RHUNDRADET Tucuman elsigloweb.com DEN TUCUM\u00c1N Tucuman eltucumano.com F\u00d6RSTA K\u00c4LLAN Tucuman primerafuente.com&#8230;. TUCUM\u00c1N NYHETER Tucuman tucumanoticias.com&#8230; TRIBUNEN I TUCUM\u00c1N Tucuman eltribunotucuman.i&#8230; FJ\u00c4RDE ST\u00c5NDET Tucuman DiarioCuartoPoder&#8230;. EL DIARIO 24 Tucuman eldiario24.com EL DIARIO DE TUCUM\u00c1N Tucuman ElDiariodeTucum\u00e1n&#8230;. TR\u00c4DG\u00c5RD NYHETER Gr\u00f6nmynta Nyheter fr\u00e5n tr\u00e4dg\u00e5rden&#8230;. UNDER F\u00d6RSTORINGSGLASET F\u00f6rest\u00e4llning Nyheter fr\u00e5n tr\u00e4dg\u00e5rden&#8230;. TUCUM\u00c1N VINDAR F\u00f6rest\u00e4llning WindsTucumans.c&#8230; MONTERIZOS &#8230; <a title=\"Tidningar och tidningar i Tucum\u00e1n\" class=\"read-more\" href=\"https:\/\/prensaescrita.org\/sv\/tidningar-och-tidningar-i-argentina\/tidningar-och-tidningar-i-tucuman\/\" aria-label=\"L\u00e4s mer om Tidningar och tidningar i Tucum\u00e1n\">L\u00e4s mer<\/a><\/p>\n","protected":false},"author":1,"featured_media":0,"comment_status":"closed","ping_status":"open","sticky":false,"template":"","format":"standard","meta":{"footnotes":""},"categories":[110],"tags":[],"class_list":["post-1575","post","type-post","status-publish","format-standard","hentry","category-tidningar-och-tidningar-i-argentina","infinite-scroll-item","generate-columns","tablet-grid-50","mobile-grid-100","grid-parent","grid-33"],"_links":{"self":[{"href":"https:\/\/prensaescrita.org\/sv\/wp-json\/wp\/v2\/posts\/1575","targetHints":{"allow":["GET"]}}],"collection":[{"href":"https:\/\/prensaescrita.org\/sv\/wp-json\/wp\/v2\/posts"}],"about":[{"href":"https:\/\/prensaescrita.org\/sv\/wp-json\/wp\/v2\/types\/post"}],"author":[{"embeddable":true,"href":"https:\/\/prensaescrita.org\/sv\/wp-json\/wp\/v2\/users\/1"}],"replies":[{"embeddable":true,"href":"https:\/\/prensaescrita.org\/sv\/wp-json\/wp\/v2\/comments?post=1575"}],"version-history":[{"count":0,"href":"https:\/\/prensaescrita.org\/sv\/wp-json\/wp\/v2\/posts\/1575\/revisions"}],"wp:attachment":[{"href":"https:\/\/prensaescrita.org\/sv\/wp-json\/wp\/v2\/media?parent=1575"}],"wp:term":[{"taxonomy":"category","embeddable":true,"href":"https:\/\/prensaescrita.org\/sv\/wp-json\/wp\/v2\/categories?post=1575"},{"taxonomy":"post_tag","embeddable":true,"href":"https:\/\/prensaescrita.org\/sv\/wp-json\/wp\/v2\/tags?post=1575"}],"curies":[{"name":"wp","href":"https:\/\/api.w.org\/{rel}","templated":true}]}}