{"id":3511,"date":"2025-03-03T13:44:24","date_gmt":"2025-03-03T13:44:24","guid":{"rendered":"https:\/\/prensaescrita.org\/sem-categoria\/jornais-e-jornais-da-cantabria\/"},"modified":"2025-03-03T13:44:24","modified_gmt":"2025-03-03T13:44:24","slug":"jornais-e-jornais-da-cantabria","status":"publish","type":"post","link":"https:\/\/prensaescrita.org\/pt-br\/jornais-e-jornais-na-espanha\/jornais-e-jornais-da-cantabria\/","title":{"rendered":"Jornais e jornais da Cant\u00e1bria"},"content":{"rendered":"<div class=\"box-shadow-light\" style=\"margin-bottom: 30px;\">\n<table border=\"0\" width=\"100%\" cellspacing=\"0\" cellpadding=\"2\" bgcolor=\"#ffffff\">\n<tbody>\n<tr>\n<td width=\"20\">\n<table border=\"0\" cellspacing=\"1\">\n<tbody>\n<tr>\n<td><img loading=\"lazy\" decoding=\"async\" title=\"DIGITAL N\u00c3O\" src=\"https:\/\/estaticos.prensaescrita.com\/imagenes\/dig-no.jpg\" alt=\"N\" width=\"13\" height=\"13\"><\/td>\n<\/tr>\n<\/tbody>\n<\/table>\n<\/td>\n<td width=\"150\"><span style=\"font-family: tahoma; font-size: medium;\"><b>EL DIARIO MONTA\u00d1\u00c9S<\/b><\/span><\/td>\n<td width=\"94\"><span style=\"font-family: verdana; font-size: medium;\"><strong>Santander<\/strong><\/span><\/td>\n<td width=\"162\"><span style=\"font-family: verdana; font-size: medium;\"><a href=\"https:\/\/www.eldiariomontanes.es\" target=\"_blank\" rel=\"nofollow noopener\">eldiariomonta\u00f1es.e&#8230;<\/a><\/span><\/td>\n<\/tr>\n<tr>\n<td width=\"20\">\n<table border=\"0\" cellspacing=\"1\">\n<tbody>\n<tr>\n<td><img loading=\"lazy\" decoding=\"async\" title=\"DIGITAL N\u00c3O\" src=\"https:\/\/estaticos.prensaescrita.com\/imagenes\/dig-no.jpg\" alt=\"N\" width=\"13\" height=\"13\"><\/td>\n<\/tr>\n<\/tbody>\n<\/table>\n<\/td>\n<td width=\"150\"><span style=\"font-family: tahoma; font-size: medium;\"><b>ALERTA<\/b><\/span><\/td>\n<td width=\"94\"><span style=\"font-family: verdana; font-size: medium;\"><strong>Santander<\/strong><\/span><\/td>\n<td width=\"162\"><span style=\"font-family: verdana; font-size: medium;\"><a href=\"https:\/\/www.eldiarioalerta.com\" target=\"_blank\" rel=\"nofollow noopener\">eldiarioalerta.com<\/a><\/span><\/td>\n<\/tr>\n<tr>\n<td width=\"20\">\n<table border=\"0\" cellspacing=\"1\">\n<tbody>\n<tr>\n<td><img loading=\"lazy\" decoding=\"async\" title=\"DIGITAL N\u00c3O\" src=\"https:\/\/estaticos.prensaescrita.com\/imagenes\/dig-no.jpg\" alt=\"N\" width=\"13\" height=\"13\"><\/td>\n<\/tr>\n<\/tbody>\n<\/table>\n<\/td>\n<td width=\"150\"><span style=\"font-family: tahoma; font-size: medium;\"><b>EL DIARIO CANTABRIA<\/b><\/span><\/td>\n<td width=\"94\"><span style=\"font-family: verdana; font-size: medium;\"><strong>Santander<\/strong><\/span><\/td>\n<td width=\"162\"><span style=\"font-family: verdana; font-size: medium;\"><a href=\"https:\/\/www.eldiariocantabria.es\" target=\"_blank\" rel=\"nofollow noopener\">eldiariocantabria&#8230;.<\/a><\/span><\/td>\n<\/tr>\n<tr>\n<td width=\"20\">\n<table border=\"0\" cellspacing=\"1\">\n<tbody>\n<tr>\n<td><img loading=\"lazy\" decoding=\"async\" title=\"DIGITAL N\u00c3O\" src=\"https:\/\/estaticos.prensaescrita.com\/imagenes\/dig-no.jpg\" alt=\"N\" width=\"13\" height=\"13\"><\/td>\n<\/tr>\n<\/tbody>\n<\/table>\n<\/td>\n<td width=\"150\"><span style=\"font-family: tahoma; font-size: medium;\"><b>IFOMO<\/b><\/span><\/td>\n<td width=\"94\"><span style=\"font-family: verdana; font-size: medium;\"><strong>Santander<\/strong><\/span><\/td>\n<td width=\"162\"><span style=\"font-family: verdana; font-size: medium;\"><a href=\"https:\/\/www.ifomo.es\" target=\"_blank\" rel=\"nofollow noopener\">ifomo.es<\/a><\/span><\/td>\n<\/tr>\n<tr>\n<td width=\"20\">\n<table border=\"0\" cellspacing=\"1\">\n<tbody>\n<tr>\n<td><img loading=\"lazy\" decoding=\"async\" title=\"DIGITAL N\u00c3O\" src=\"https:\/\/estaticos.prensaescrita.com\/imagenes\/dig-no.jpg\" alt=\"N\" width=\"13\" height=\"13\"><\/td>\n<\/tr>\n<\/tbody>\n<\/table>\n<\/td>\n<td width=\"150\"><span style=\"font-family: tahoma; font-size: medium;\"><b>CANT\u00c1BRIA 24 HORAS<\/b><\/span><\/td>\n<td width=\"94\"><span style=\"font-family: verdana; font-size: medium;\"><strong>Santander<\/strong><\/span><\/td>\n<td width=\"162\"><span style=\"font-family: verdana; font-size: medium;\"><a href=\"https:\/\/www.cantabria24horas.com\" target=\"_blank\" rel=\"nofollow noopener\">cantabria24horas.c&#8230;<\/a><\/span><\/td>\n<\/tr>\n<tr>\n<td width=\"20\">\n<table border=\"0\" cellspacing=\"1\">\n<tbody>\n<tr>\n<td><img loading=\"lazy\" decoding=\"async\" title=\"DIGITAL N\u00c3O\" src=\"https:\/\/estaticos.prensaescrita.com\/imagenes\/dig-no.jpg\" alt=\"N\" width=\"13\" height=\"13\"><\/td>\n<\/tr>\n<\/tbody>\n<\/table>\n<\/td>\n<td width=\"150\"><span style=\"font-family: tahoma; font-size: medium;\"><b>CANTABRIA LIBERAL<\/b><\/span><\/td>\n<td width=\"94\"><span style=\"font-family: verdana; font-size: medium;\"><strong>Santander<\/strong><\/span><\/td>\n<td width=\"162\"><span style=\"font-family: verdana; font-size: medium;\"><a href=\"https:\/\/www.cantabrialiberal.com\" target=\"_blank\" rel=\"nofollow noopener\">Cantabrialiberal.c&#8230;<\/a><\/span><\/td>\n<\/tr>\n<tr>\n<td width=\"20\">\n<table border=\"0\" cellspacing=\"1\">\n<tbody>\n<tr>\n<td><img loading=\"lazy\" decoding=\"async\" title=\"DIGITAL N\u00c3O\" src=\"https:\/\/estaticos.prensaescrita.com\/imagenes\/dig-no.jpg\" alt=\"N\" width=\"13\" height=\"13\"><\/td>\n<\/tr>\n<\/tbody>\n<\/table>\n<\/td>\n<td width=\"150\"><span style=\"font-family: tahoma; font-size: medium;\"><b>HOJE TORRELAVEGA<\/b><\/span><\/td>\n<td width=\"94\"><span style=\"font-family: verdana; font-size: medium;\"><strong>Torrelavega<\/strong><\/span><\/td>\n<td width=\"162\"><span style=\"font-family: verdana; font-size: medium;\"><a href=\"https:\/\/www.hoytorrelavega.es\" target=\"_blank\" rel=\"nofollow noopener\">hoytorrelavega.es<\/a><\/span><\/td>\n<\/tr>\n<tr>\n<td width=\"20\">\n<table border=\"0\" cellspacing=\"1\">\n<tbody>\n<tr>\n<td><img loading=\"lazy\" decoding=\"async\" title=\"DIGITAL N\u00c3O\" src=\"https:\/\/estaticos.prensaescrita.com\/imagenes\/dig-no.jpg\" alt=\"N\" width=\"13\" height=\"13\"><\/td>\n<\/tr>\n<\/tbody>\n<\/table>\n<\/td>\n<td width=\"150\"><span style=\"font-family: tahoma; font-size: medium;\"><b>MUITO CASTRO<\/b><\/span><\/td>\n<td width=\"94\"><span style=\"font-family: verdana; font-size: medium;\"><strong>Castro Urdiales<\/strong><\/span><\/td>\n<td width=\"162\"><span style=\"font-family: verdana; font-size: medium;\"><a href=\"https:\/\/www.muchocastro.com\" target=\"_blank\" rel=\"nofollow noopener\">muchocastro.com<\/a><\/span><\/td>\n<\/tr>\n<\/tbody>\n<\/table>\n<p><img decoding=\"async\" src=\"https:\/\/prensaescrita.org\/wp-content\/uploads\/2025\/03\/info.jpg\" alt=\"RSS\">  Informa\u00e7\u00f5es Gerais \u2013 <img decoding=\"async\" src=\"https:\/\/prensaescrita.org\/wp-content\/uploads\/2025\/03\/deporte.jpg\" alt=\"cobrir\"> Esportes\/Economia<\/div>\n<hr style=\"border: none; height: 2px; background: linear-gradient(to right, transparent, #000, transparent); margin: 20px 0;\">\n<p><\/p>\n<h2 class=\"concss\">Lista de jornais e jornais da Cant\u00e1bria<\/h2>\n<p><\/p>\n<div class=\"estilo1\">Se voc\u00ea deseja acompanhar a atualidade da Cant\u00e1bria, os jornais da regi\u00e3o s\u00e3o uma excelente fonte de informa\u00e7\u00e3o. Na Cant\u00e1bria, a imprensa local desempenha um papel fundamental na divulga\u00e7\u00e3o de not\u00edcias, reportagens e artigos de interesse para a comunidade. Os jornais da Cant\u00e1bria abordam quest\u00f5es de pol\u00edtica, cultura, esportes, economia e sociedade, mantendo a popula\u00e7\u00e3o informada sobre os eventos mais relevantes que acontecem na regi\u00e3o. Na tabela a seguir voc\u00ea encontrar\u00e1 uma lista de alguns dos jornais mais proeminentes da Cant\u00e1bria, cada um com sua pr\u00f3pria linha editorial e abordagem informativa. De jornais generalistas a publica\u00e7\u00f5es especializadas em esportes ou cultura, a imprensa da Cant\u00e1bria oferece uma ampla variedade de op\u00e7\u00f5es para satisfazer as prefer\u00eancias de seus leitores.   <\/p>\n<p><strong>Jornais da Cant\u00e1bria<\/strong><\/p>\n<p>| Nome do Jornal | Tipo de postagem |<br \/>\n|\u2014\u2014\u2014\u2014\u2014\u2014\u2014\u2014\u2014|\u2014\u2014\u2014\u2014\u2014\u2014\u2014\u2014|<br \/>\n| El Diario Monta\u00f1\u00e9s | Generalista |<br \/>\n| Alerta | Generalista |<br \/>\n| Cant\u00e1bria Dia a Dia | Generalista |<br \/>\n| O Farad | Digital |<br \/>\n| La Gaceta de Cantabria | Generalista |<br \/>\n| O Norte de Castela | Generalista |<br \/>\n| O povo da Cant\u00e1bria | Generalista |<br \/>\n| La Voz de Cantabria | Generalista |<\/p>\n<p>Mantenha-se informado sobre o que est\u00e1 acontecendo na Cant\u00e1bria lendo esses jornais locais. Descubra as \u00faltimas not\u00edcias, entrevistas, cr\u00f4nicas e an\u00e1lises oferecidas pelos jornais da Cant\u00e1bria e acompanhe de perto a atualidade desta comunidade aut\u00f4noma atrav\u00e9s da imprensa da Cant\u00e1bria. N\u00e3o perca nenhuma novidade e fique por dentro de tudo o que acontece nessa regi\u00e3o do norte da Espanha!  <\/p>\n<\/div>\n","protected":false},"excerpt":{"rendered":"<p>EL DIARIO MONTA\u00d1\u00c9S Santander eldiariomonta\u00f1es.e&#8230; ALERTA Santander eldiarioalerta.com EL DIARIO CANTABRIA Santander eldiariocantabria&#8230;. IFOMO Santander ifomo.es CANT\u00c1BRIA 24 HORAS Santander cantabria24horas.c&#8230; CANTABRIA LIBERAL Santander Cantabrialiberal.c&#8230; HOJE TORRELAVEGA Torrelavega hoytorrelavega.es MUITO CASTRO Castro Urdiales muchocastro.com Informa\u00e7\u00f5es Gerais \u2013 Esportes\/Economia Lista de jornais e jornais da Cant\u00e1bria Se voc\u00ea deseja acompanhar a atualidade da Cant\u00e1bria, os jornais &#8230; <a title=\"Jornais e jornais da Cant\u00e1bria\" class=\"read-more\" href=\"https:\/\/prensaescrita.org\/pt-br\/jornais-e-jornais-na-espanha\/jornais-e-jornais-da-cantabria\/\" aria-label=\"Read more about Jornais e jornais da Cant\u00e1bria\">Leia mais<\/a><\/p>\n","protected":false},"author":1,"featured_media":0,"comment_status":"closed","ping_status":"open","sticky":false,"template":"","format":"standard","meta":{"footnotes":""},"categories":[150],"tags":[],"class_list":["post-3511","post","type-post","status-publish","format-standard","hentry","category-jornais-e-jornais-na-espanha","infinite-scroll-item","generate-columns","tablet-grid-50","mobile-grid-100","grid-parent","grid-33"],"_links":{"self":[{"href":"https:\/\/prensaescrita.org\/pt-br\/wp-json\/wp\/v2\/posts\/3511","targetHints":{"allow":["GET"]}}],"collection":[{"href":"https:\/\/prensaescrita.org\/pt-br\/wp-json\/wp\/v2\/posts"}],"about":[{"href":"https:\/\/prensaescrita.org\/pt-br\/wp-json\/wp\/v2\/types\/post"}],"author":[{"embeddable":true,"href":"https:\/\/prensaescrita.org\/pt-br\/wp-json\/wp\/v2\/users\/1"}],"replies":[{"embeddable":true,"href":"https:\/\/prensaescrita.org\/pt-br\/wp-json\/wp\/v2\/comments?post=3511"}],"version-history":[{"count":0,"href":"https:\/\/prensaescrita.org\/pt-br\/wp-json\/wp\/v2\/posts\/3511\/revisions"}],"wp:attachment":[{"href":"https:\/\/prensaescrita.org\/pt-br\/wp-json\/wp\/v2\/media?parent=3511"}],"wp:term":[{"taxonomy":"category","embeddable":true,"href":"https:\/\/prensaescrita.org\/pt-br\/wp-json\/wp\/v2\/categories?post=3511"},{"taxonomy":"post_tag","embeddable":true,"href":"https:\/\/prensaescrita.org\/pt-br\/wp-json\/wp\/v2\/tags?post=3511"}],"curies":[{"name":"wp","href":"https:\/\/api.w.org\/{rel}","templated":true}]}}