{"id":3480,"date":"2025-03-01T01:03:14","date_gmt":"2025-03-01T01:03:14","guid":{"rendered":"https:\/\/prensaescrita.org\/sem-categoria\/jornais-e-jornais-de-ceuta-e-melilla\/"},"modified":"2025-03-01T01:03:14","modified_gmt":"2025-03-01T01:03:14","slug":"jornais-e-jornais-de-ceuta-e-melilla","status":"publish","type":"post","link":"https:\/\/prensaescrita.org\/pt-br\/jornais-e-jornais-na-espanha\/jornais-e-jornais-de-ceuta-e-melilla\/","title":{"rendered":"Jornais e jornais de Ceuta e Melilla"},"content":{"rendered":"<div class=\"box-shadow-light\" style=\"margin-bottom: 30px;\">\n<table border=\"0\" width=\"100%\" cellspacing=\"0\" cellpadding=\"2\" bgcolor=\"#ffffff\">\n<tbody>\n<tr>\n<td colspan=\"4\" bgcolor=\"#D3DCDC\">\n<h2>Ceuta<\/h2>\n<\/td>\n<\/tr>\n<tr>\n<td width=\"20\">\n<table border=\"0\" cellspacing=\"1\">\n<tbody>\n<tr>\n<td><img loading=\"lazy\" decoding=\"async\" title=\"DIGITAL N\u00c3O\" src=\"https:\/\/estaticos.prensaescrita.com\/imagenes\/dig-no.jpg\" alt=\"N\" width=\"13\" height=\"13\"><\/td>\n<\/tr>\n<\/tbody>\n<\/table>\n<\/td>\n<td width=\"150\"><span style=\"font-family: tahoma; font-size: medium;\"><b>O FAROL<\/b><\/span><\/td>\n<td width=\"94\"><span style=\"font-family: verdana; font-size: medium;\"><strong>Ceuta<\/strong><\/span><\/td>\n<td width=\"162\"><span style=\"font-family: verdana; font-size: medium;\"><a href=\"https:\/\/www.elfarodeceuta.es\" target=\"_blank\" rel=\"nofollow noopener\">elfarodeceuta.es<\/a><\/span><\/td>\n<\/tr>\n<tr>\n<td width=\"20\">\n<table border=\"0\" cellspacing=\"1\">\n<tbody>\n<tr>\n<td><img loading=\"lazy\" decoding=\"async\" title=\"DIGITAL N\u00c3O\" src=\"https:\/\/estaticos.prensaescrita.com\/imagenes\/dig-no.jpg\" alt=\"N\" width=\"13\" height=\"13\"><\/td>\n<\/tr>\n<\/tbody>\n<\/table>\n<\/td>\n<td width=\"150\"><span style=\"font-family: tahoma; font-size: medium;\"><b>CEUTA ATUALIZADA<\/b><\/span><\/td>\n<td width=\"94\"><span style=\"font-family: verdana; font-size: medium;\"><strong>Ceuta<\/strong><\/span><\/td>\n<td width=\"162\"><span style=\"font-family: verdana; font-size: medium;\"><a href=\"https:\/\/www.ceutaldia.com\" target=\"_blank\" rel=\"nofollow noopener\">ceutaldia.com<\/a><\/span><\/td>\n<\/tr>\n<tr>\n<td width=\"20\">\n<table border=\"0\" cellspacing=\"1\">\n<tbody>\n<tr>\n<td><img loading=\"lazy\" decoding=\"async\" title=\"DIGITAL N\u00c3O\" src=\"https:\/\/estaticos.prensaescrita.com\/imagenes\/dig-no.jpg\" alt=\"N\" width=\"13\" height=\"13\"><\/td>\n<\/tr>\n<\/tbody>\n<\/table>\n<\/td>\n<td width=\"150\"><span style=\"font-family: tahoma; font-size: medium;\"><b>O POVO<\/b><\/span><\/td>\n<td width=\"94\"><span style=\"font-family: verdana; font-size: medium;\"><strong>Ceuta<\/strong><\/span><\/td>\n<td width=\"162\"><span style=\"font-family: verdana; font-size: medium;\"><a href=\"https:\/\/www.elpueblodeceuta.es\" target=\"_blank\" rel=\"nofollow noopener\">elpueblodeceuta.es<\/a><\/span><\/td>\n<\/tr>\n<tr>\n<td width=\"20\">\n<table border=\"0\" cellspacing=\"1\">\n<tbody>\n<tr>\n<td><img loading=\"lazy\" decoding=\"async\" title=\"DIGITAL N\u00c3O\" src=\"https:\/\/estaticos.prensaescrita.com\/imagenes\/dig-no.jpg\" alt=\"N\" width=\"13\" height=\"13\"><\/td>\n<\/tr>\n<\/tbody>\n<\/table>\n<\/td>\n<td width=\"150\"><span style=\"font-family: tahoma; font-size: medium;\"><b>A VERDADE DE CEUTA<\/b><\/span><\/td>\n<td width=\"94\"><span style=\"font-family: verdana; font-size: medium;\"><strong>Ceuta<\/strong><\/span><\/td>\n<td width=\"162\"><span style=\"font-family: verdana; font-size: medium;\"><a href=\"https:\/\/www.laverdaddeceuta.com\" target=\"_blank\" rel=\"nofollow noopener\">laverdaddeceuta.co&#8230;<\/a><\/span><\/td>\n<\/tr>\n<tr>\n<td width=\"20\">\n<table border=\"0\" cellspacing=\"1\">\n<tbody>\n<tr>\n<td><img loading=\"lazy\" decoding=\"async\" title=\"DIGITAL N\u00c3O\" src=\"https:\/\/estaticos.prensaescrita.com\/imagenes\/dig-no.jpg\" alt=\"N\" width=\"13\" height=\"13\"><\/td>\n<\/tr>\n<\/tbody>\n<\/table>\n<\/td>\n<td width=\"150\"><span style=\"font-family: tahoma; font-size: medium;\"><b>NOT\u00cdCIAS DE CEUTA<\/b><\/span><\/td>\n<td width=\"94\"><span style=\"font-family: verdana; font-size: medium;\"><strong>Ceuta<\/strong><\/span><\/td>\n<td width=\"162\"><span style=\"font-family: verdana; font-size: medium;\"><a href=\"https:\/\/www.ceutaactualidad.com\" target=\"_blank\" rel=\"nofollow noopener\">ceutaactualidad.co&#8230;<\/a><\/span><\/td>\n<\/tr>\n<tr>\n<td width=\"20\">\n<table border=\"0\" cellspacing=\"1\">\n<tbody>\n<tr>\n<td><img loading=\"lazy\" decoding=\"async\" title=\"DIGITAL N\u00c3O\" src=\"https:\/\/estaticos.prensaescrita.com\/imagenes\/dig-no.jpg\" alt=\"N\" width=\"13\" height=\"13\"><\/td>\n<\/tr>\n<\/tbody>\n<\/table>\n<\/td>\n<td width=\"150\"><span style=\"font-family: tahoma; font-size: medium;\"><b>EL PERI\u00d3DICO DE CEUTA<\/b><\/span><\/td>\n<td width=\"94\"><span style=\"font-family: verdana; font-size: medium;\"><strong>Ceuta<\/strong><\/span><\/td>\n<td width=\"162\"><span style=\"font-family: verdana; font-size: medium;\"><a href=\"https:\/\/www.elperiodicodeceuta.es\" target=\"_blank\" rel=\"nofollow noopener\">elperiodicodeceuta&#8230;<\/a><\/span><\/td>\n<\/tr>\n<tr>\n<td colspan=\"4\" bgcolor=\"#D3DCDC\">\n<h2>Melilha<\/h2>\n<\/td>\n<\/tr>\n<tr>\n<td width=\"20\">\n<table border=\"0\" cellspacing=\"1\">\n<tbody>\n<tr>\n<td><img loading=\"lazy\" decoding=\"async\" title=\"DIGITAL N\u00c3O\" src=\"https:\/\/estaticos.prensaescrita.com\/imagenes\/dig-no.jpg\" alt=\"N\" width=\"13\" height=\"13\"><\/td>\n<\/tr>\n<\/tbody>\n<\/table>\n<\/td>\n<td width=\"150\"><span style=\"font-family: tahoma; font-size: medium;\"><b>O FAROL<\/b><\/span><\/td>\n<td width=\"94\"><span style=\"font-family: verdana; font-size: medium;\"><strong>Melilha<\/strong><\/span><\/td>\n<td width=\"162\"><span style=\"font-family: verdana; font-size: medium;\"><a href=\"https:\/\/www.elfarodemelilla.es\" target=\"_blank\" rel=\"nofollow noopener\">elfarodemelilla.es<\/a><\/span><\/td>\n<\/tr>\n<tr>\n<td width=\"20\">\n<table border=\"0\" cellspacing=\"1\">\n<tbody>\n<tr>\n<td><img loading=\"lazy\" decoding=\"async\" title=\"DIGITAL N\u00c3O\" src=\"https:\/\/estaticos.prensaescrita.com\/imagenes\/dig-no.jpg\" alt=\"N\" width=\"13\" height=\"13\"><\/td>\n<\/tr>\n<\/tbody>\n<\/table>\n<\/td>\n<td width=\"150\"><span style=\"font-family: tahoma; font-size: medium;\"><b>G\u00caMEO HOJE<\/b><\/span><\/td>\n<td width=\"94\"><span style=\"font-family: verdana; font-size: medium;\"><strong>Melilha<\/strong><\/span><\/td>\n<td width=\"162\"><span style=\"font-family: verdana; font-size: medium;\"><a href=\"https:\/\/www.melillahoy.es\" target=\"_blank\" rel=\"nofollow noopener\">melillahoy.es<\/a><\/span><\/td>\n<\/tr>\n<\/tbody>\n<\/table>\n<p><img decoding=\"async\" src=\"https:\/\/prensaescrita.org\/wp-content\/uploads\/2025\/03\/info.jpg\" alt=\"RSS\">  Informa\u00e7\u00f5es Gerais \u2013 <img decoding=\"async\" src=\"https:\/\/prensaescrita.org\/wp-content\/uploads\/2025\/03\/deporte.jpg\" alt=\"cobrir\"> Esportes\/Economia<\/div>\n<hr style=\"border: none; height: 2px; background: linear-gradient(to right, transparent, #000, transparent); margin: 20px 0;\">\n<p><\/p>\n<h2 class=\"concss\">Lista de jornais e jornais de Ceuta e Melilla<\/h2>\n<p><\/p>\n<div class=\"estilo1\">Se voc\u00ea est\u00e1 procurando informa\u00e7\u00f5es atualizadas sobre jornais em Ceuta e Melilla, voc\u00ea veio ao lugar certo. Nesta tabela voc\u00ea encontrar\u00e1 uma lista completa dos jornais de Ceuta e Melilla, bem como a imprensa mais proeminente de Ceuta e Melilla hoje. Em Ceuta, alguns dos jornais mais renomados s\u00e3o El Faro de Ceuta, um jornal com uma longa hist\u00f3ria na regi\u00e3o que se estabeleceu como uma fonte confi\u00e1vel de informa\u00e7\u00e3o local. Outro jornal importante da cidade \u00e9 o ABC de Ceuta, que oferece uma cobertura exaustiva dos eventos mais relevantes da regi\u00e3o.  <\/p>\n<p>Em Melilla, destacam-se jornais como El Telegrama de Melilla, um meio de comunica\u00e7\u00e3o que conquistou a confian\u00e7a de seus leitores gra\u00e7as ao seu rigor jornal\u00edstico e compromisso com a verdade. Outro jornal relevante na cidade \u00e9 o Melilla Hoy, que se posicionou como refer\u00eancia na imprensa local por sua cobertura completa dos eventos mais importantes da regi\u00e3o. <\/p>\n<p>Al\u00e9m desses jornais, em Ceuta e Melilla tamb\u00e9m encontramos publica\u00e7\u00f5es digitais que est\u00e3o ganhando cada vez mais relev\u00e2ncia no cen\u00e1rio da m\u00eddia. Meios como Ceuta Actualidad ou Melilla Digital oferecem uma cobertura \u00e1gil e atualizada das not\u00edcias locais, adaptando-se \u00e0s novas tend\u00eancias de consumo de not\u00edcias. <\/p>\n<p>Em resumo, a imprensa em Ceuta e Melilla \u00e9 variada e diversificada, oferecendo aos cidad\u00e3os uma ampla gama de op\u00e7\u00f5es para se manterem informados sobre o que est\u00e1 acontecendo em suas respectivas cidades. Seja atrav\u00e9s de jornais tradicionais ou meios digitais, a informa\u00e7\u00e3o est\u00e1 dispon\u00edvel para todos nestas duas regi\u00f5es de Espanha. <\/p>\n<\/div>\n","protected":false},"excerpt":{"rendered":"<p>Ceuta O FAROL Ceuta elfarodeceuta.es CEUTA ATUALIZADA Ceuta ceutaldia.com O POVO Ceuta elpueblodeceuta.es A VERDADE DE CEUTA Ceuta laverdaddeceuta.co&#8230; NOT\u00cdCIAS DE CEUTA Ceuta ceutaactualidad.co&#8230; EL PERI\u00d3DICO DE CEUTA Ceuta elperiodicodeceuta&#8230; Melilha O FAROL Melilha elfarodemelilla.es G\u00caMEO HOJE Melilha melillahoy.es Informa\u00e7\u00f5es Gerais \u2013 Esportes\/Economia Lista de jornais e jornais de Ceuta e Melilla Se voc\u00ea est\u00e1 &#8230; <a title=\"Jornais e jornais de Ceuta e Melilla\" class=\"read-more\" href=\"https:\/\/prensaescrita.org\/pt-br\/jornais-e-jornais-na-espanha\/jornais-e-jornais-de-ceuta-e-melilla\/\" aria-label=\"Read more about Jornais e jornais de Ceuta e Melilla\">Leia mais<\/a><\/p>\n","protected":false},"author":1,"featured_media":0,"comment_status":"closed","ping_status":"open","sticky":false,"template":"","format":"standard","meta":{"footnotes":""},"categories":[150],"tags":[],"class_list":["post-3480","post","type-post","status-publish","format-standard","hentry","category-jornais-e-jornais-na-espanha","infinite-scroll-item","generate-columns","tablet-grid-50","mobile-grid-100","grid-parent","grid-33"],"_links":{"self":[{"href":"https:\/\/prensaescrita.org\/pt-br\/wp-json\/wp\/v2\/posts\/3480","targetHints":{"allow":["GET"]}}],"collection":[{"href":"https:\/\/prensaescrita.org\/pt-br\/wp-json\/wp\/v2\/posts"}],"about":[{"href":"https:\/\/prensaescrita.org\/pt-br\/wp-json\/wp\/v2\/types\/post"}],"author":[{"embeddable":true,"href":"https:\/\/prensaescrita.org\/pt-br\/wp-json\/wp\/v2\/users\/1"}],"replies":[{"embeddable":true,"href":"https:\/\/prensaescrita.org\/pt-br\/wp-json\/wp\/v2\/comments?post=3480"}],"version-history":[{"count":0,"href":"https:\/\/prensaescrita.org\/pt-br\/wp-json\/wp\/v2\/posts\/3480\/revisions"}],"wp:attachment":[{"href":"https:\/\/prensaescrita.org\/pt-br\/wp-json\/wp\/v2\/media?parent=3480"}],"wp:term":[{"taxonomy":"category","embeddable":true,"href":"https:\/\/prensaescrita.org\/pt-br\/wp-json\/wp\/v2\/categories?post=3480"},{"taxonomy":"post_tag","embeddable":true,"href":"https:\/\/prensaescrita.org\/pt-br\/wp-json\/wp\/v2\/tags?post=3480"}],"curies":[{"name":"wp","href":"https:\/\/api.w.org\/{rel}","templated":true}]}}