{"id":3343,"date":"2025-03-03T17:48:58","date_gmt":"2025-03-03T17:48:58","guid":{"rendered":"https:\/\/prensaescrita.org\/sem-categoria\/jornais-e-jornais-na-eslovenia\/"},"modified":"2025-03-18T12:14:20","modified_gmt":"2025-03-18T12:14:20","slug":"jornais-e-jornais-na-eslovenia","status":"publish","type":"post","link":"https:\/\/prensaescrita.org\/pt-br\/europa-pt-br\/jornais-e-jornais-na-eslovenia\/","title":{"rendered":"Jornais e jornais na Eslov\u00eania"},"content":{"rendered":"<div class=\"prensa-grid-container\"><div class=\"prensa-row\" itemscope itemtype=\"https:\/\/schema.org\/Organization\">  <div class=\"prensa-col-icon\"><img src=\"https:\/\/prensaescrita.org\/wp-content\/uploads\/2025\/03\/info.jpg\" alt=\"Diario\" width=\"13\" height=\"13\"><\/div>  <div class=\"prensa-col-name\" itemprop=\"name\"><strong>EM SLOV\u00caNIA<\/strong><\/div>  <div class=\"prensa-col-place\">Ljubljana<\/div>  <div class=\"prensa-col-url\"><a href=\"http:\/\/www.slovenskenovice.si\" target=\"_blank\" rel=\"nofollow noopener\" itemprop=\"url\">slovenskenovice.si<\/a><\/div><\/div><div class=\"prensa-row\" itemscope itemtype=\"https:\/\/schema.org\/Organization\">  <div class=\"prensa-col-icon\"><img src=\"https:\/\/prensaescrita.org\/wp-content\/uploads\/2025\/03\/info.jpg\" alt=\"Diario\" width=\"13\" height=\"13\"><\/div>  <div class=\"prensa-col-name\" itemprop=\"name\"><strong><\/strong><\/div>  <div class=\"prensa-col-place\">Ljubljana<\/div>  <div class=\"prensa-col-url\"><a href=\"http:\/\/www.zurnal24.si\" target=\"_blank\" rel=\"nofollow noopener\" itemprop=\"url\">zurnal24.si<\/a><\/div><\/div><div class=\"prensa-row\" itemscope itemtype=\"https:\/\/schema.org\/Organization\">  <div class=\"prensa-col-icon\"><img src=\"https:\/\/prensaescrita.org\/wp-content\/uploads\/2025\/03\/info.jpg\" alt=\"Diario\" width=\"13\" height=\"13\"><\/div>  <div class=\"prensa-col-name\" itemprop=\"name\"><strong>DELO<\/strong><\/div>  <div class=\"prensa-col-place\">Ljubljana<\/div>  <div class=\"prensa-col-url\"><a href=\"http:\/\/www.delo.si\" target=\"_blank\" rel=\"nofollow noopener\" itemprop=\"url\">delo.si<\/a><\/div><\/div><div class=\"prensa-row\" itemscope itemtype=\"https:\/\/schema.org\/Organization\">  <div class=\"prensa-col-icon\"><img src=\"https:\/\/prensaescrita.org\/wp-content\/uploads\/2025\/03\/info.jpg\" alt=\"Diario\" width=\"13\" height=\"13\"><\/div>  <div class=\"prensa-col-name\" itemprop=\"name\"><strong>N\u00c3O SEI<\/strong><\/div>  <div class=\"prensa-col-place\">Ljubljana<\/div>  <div class=\"prensa-col-url\"><a href=\"http:\/\/www.dnevnik.si\" target=\"_blank\" rel=\"nofollow noopener\" itemprop=\"url\">dnevnik.si<\/a><\/div><\/div><div class=\"prensa-row\" itemscope itemtype=\"https:\/\/schema.org\/Organization\">  <div class=\"prensa-col-icon\"><img src=\"https:\/\/prensaescrita.org\/wp-content\/uploads\/2025\/03\/info.jpg\" alt=\"Diario\" width=\"13\" height=\"13\"><\/div>  <div class=\"prensa-col-name\" itemprop=\"name\"><strong>VER<\/strong><\/div>  <div class=\"prensa-col-place\">Maribor<\/div>  <div class=\"prensa-col-url\"><a href=\"http:\/\/www.vecer.com\" target=\"_blank\" rel=\"nofollow noopener\" itemprop=\"url\">vecer.com<\/a><\/div><\/div><\/div><p><img decoding=\"async\" src=\"https:\/\/prensaescrita.org\/wp-content\/uploads\/2025\/03\/info.jpg\" alt=\"RSS\">  Informa\u00e7\u00f5es Gerais \u2013 <img decoding=\"async\" src=\"https:\/\/prensaescrita.org\/wp-content\/uploads\/2025\/03\/deporte.jpg\" alt=\"cobrir\"> Esportes\/Economia<\/div>\n<hr style=\"border: none; height: 2px; background: linear-gradient(to right, transparent, #000, transparent); margin: 20px 0;\">\n<p><\/p>\n<h2 class=\"concss\">Lista de jornais e peri\u00f3dicos da Eslov\u00eania<\/h2>\n<p><\/p>\n<div class=\"estilo1\">A m\u00eddia \u00e9 uma fonte vital de informa\u00e7\u00e3o, e os jornais desempenham um papel crucial nisso. Em nossa busca constante por informa\u00e7\u00f5es precisas e atualizadas, hoje mergulhamos na rica esfera dos jornais eslovenos. Nossa tabela fornece uma lista exaustiva desses jornais e di\u00e1rios na Eslov\u00eania, para ajudar os leitores a navegar no vibrante cen\u00e1rio da m\u00eddia deste pa\u00eds europeu. A Eslov\u00eania, com sua diversidade cultural e pol\u00edtica, abriga uma variedade de jornais e di\u00e1rios que refletem seu amplo espectro de opini\u00f5es e perspectivas. Variando de di\u00e1rio a semanal, esses jornais eslovenos cobrem uma variedade de t\u00f3picos, incluindo pol\u00edtica, economia, esportes, cultura e muito mais. Al\u00e9m disso, a imprensa na Eslov\u00eania se distingue por seu compromisso com a qualidade e o jornalismo investigativo, fornecendo aos leitores informa\u00e7\u00f5es detalhadas e an\u00e1lises aprofundadas.    <\/p>\n<p>A paisagem dos jornais eslovenos \u00e9 t\u00e3o diversa quanto o pr\u00f3prio pa\u00eds. Do &#8220;Delo&#8221;, um dos maiores e mais respeitados jornais di\u00e1rios da Eslov\u00eania, ao &#8220;Dnevnik&#8221;, conhecido por seu jornalismo incisivo e an\u00e1lise detalhada, cada jornal tem sua pr\u00f3pria abordagem e estilo. Nossa tabela lista esses e muitos outros jornais e di\u00e1rios na Eslov\u00eania, fornecendo detalhes como frequ\u00eancia de publica\u00e7\u00e3o, orienta\u00e7\u00e3o pol\u00edtica e os principais t\u00f3picos que cobrem.  <\/p>\n<p>A imprensa eslovena, tanto em formato impresso quanto digital, \u00e9 uma fonte inestim\u00e1vel de informa\u00e7\u00f5es para os eslovenos e qualquer pessoa interessada em eventos na Eslov\u00eania. Muitos desses jornais oferecem vers\u00f5es online, permitindo que leitores de todo o mundo se mantenham atualizados com as \u00faltimas not\u00edcias e eventos na Eslov\u00eania. Se voc\u00ea est\u00e1 procurando not\u00edcias pol\u00edticas, quer saber as \u00faltimas informa\u00e7\u00f5es econ\u00f4micas ou est\u00e1 interessado na cena cultural eslovena, os jornais da Eslov\u00eania s\u00e3o sua janela para o pa\u00eds.  <\/p>\n<p>Ao explorar o panorama dos jornais na Eslov\u00e9nia, \u00e9 evidente que estes jornais desempenham um papel essencial na forma\u00e7\u00e3o da opini\u00e3o p\u00fablica e na promo\u00e7\u00e3o de um debate saud\u00e1vel na sociedade eslovena. Desde a cobertura de elei\u00e7\u00f5es at\u00e9 a an\u00e1lise de pol\u00edticas governamentais e a apresenta\u00e7\u00e3o de quest\u00f5es sociais, a imprensa da Eslov\u00eania ajuda os leitores a entender melhor o mundo ao seu redor. <\/p>\n<p>Em suma, os jornais da Eslov\u00eania s\u00e3o uma fonte vital de not\u00edcias e an\u00e1lises, cobrindo uma ampla gama de t\u00f3picos e refletindo a diversidade de opini\u00f5es no pa\u00eds. Nossa tabela fornece uma vis\u00e3o geral detalhada desse vibrante cen\u00e1rio de m\u00eddia, ajudando voc\u00ea a descobrir e explorar os jornais na Eslov\u00eania que mais lhe interessam. <\/p>\n<\/div>\n","protected":false},"excerpt":{"rendered":"<p>EM SLOV\u00caNIA Ljubljana slovenskenovice.si Ljubljana zurnal24.si DELO Ljubljana delo.si N\u00c3O SEI Ljubljana dnevnik.si VER Maribor vecer.com Informa\u00e7\u00f5es Gerais \u2013 Esportes\/Economia Lista de jornais e peri\u00f3dicos da Eslov\u00eania A m\u00eddia \u00e9 uma fonte vital de informa\u00e7\u00e3o, e os jornais desempenham um papel crucial nisso. Em nossa busca constante por informa\u00e7\u00f5es precisas e atualizadas, hoje mergulhamos na &#8230; <a title=\"Jornais e jornais na Eslov\u00eania\" class=\"read-more\" href=\"https:\/\/prensaescrita.org\/pt-br\/europa-pt-br\/jornais-e-jornais-na-eslovenia\/\" aria-label=\"Read more about Jornais e jornais na Eslov\u00eania\">Leia mais<\/a><\/p>\n","protected":false},"author":1,"featured_media":0,"comment_status":"closed","ping_status":"open","sticky":false,"template":"","format":"standard","meta":{"footnotes":""},"categories":[169],"tags":[],"class_list":["post-3343","post","type-post","status-publish","format-standard","hentry","category-europa-pt-br","infinite-scroll-item","generate-columns","tablet-grid-50","mobile-grid-100","grid-parent","grid-33"],"_links":{"self":[{"href":"https:\/\/prensaescrita.org\/pt-br\/wp-json\/wp\/v2\/posts\/3343","targetHints":{"allow":["GET"]}}],"collection":[{"href":"https:\/\/prensaescrita.org\/pt-br\/wp-json\/wp\/v2\/posts"}],"about":[{"href":"https:\/\/prensaescrita.org\/pt-br\/wp-json\/wp\/v2\/types\/post"}],"author":[{"embeddable":true,"href":"https:\/\/prensaescrita.org\/pt-br\/wp-json\/wp\/v2\/users\/1"}],"replies":[{"embeddable":true,"href":"https:\/\/prensaescrita.org\/pt-br\/wp-json\/wp\/v2\/comments?post=3343"}],"version-history":[{"count":1,"href":"https:\/\/prensaescrita.org\/pt-br\/wp-json\/wp\/v2\/posts\/3343\/revisions"}],"predecessor-version":[{"id":4375,"href":"https:\/\/prensaescrita.org\/pt-br\/wp-json\/wp\/v2\/posts\/3343\/revisions\/4375"}],"wp:attachment":[{"href":"https:\/\/prensaescrita.org\/pt-br\/wp-json\/wp\/v2\/media?parent=3343"}],"wp:term":[{"taxonomy":"category","embeddable":true,"href":"https:\/\/prensaescrita.org\/pt-br\/wp-json\/wp\/v2\/categories?post=3343"},{"taxonomy":"post_tag","embeddable":true,"href":"https:\/\/prensaescrita.org\/pt-br\/wp-json\/wp\/v2\/tags?post=3343"}],"curies":[{"name":"wp","href":"https:\/\/api.w.org\/{rel}","templated":true}]}}