{"id":2886,"date":"2025-03-03T18:33:51","date_gmt":"2025-03-03T18:33:51","guid":{"rendered":"https:\/\/prensaescrita.org\/sem-categoria\/jornais-e-jornais-na-costa-do-marfim\/"},"modified":"2025-03-03T18:33:51","modified_gmt":"2025-03-03T18:33:51","slug":"jornais-e-jornais-na-costa-do-marfim","status":"publish","type":"post","link":"https:\/\/prensaescrita.org\/pt-br\/jornais-e-jornais-na-africa\/jornais-e-jornais-na-costa-do-marfim\/","title":{"rendered":"Jornais e jornais na Costa do Marfim"},"content":{"rendered":"<div class=\"prensa-grid-container\"><div class=\"prensa-row\" itemscope itemtype=\"https:\/\/schema.org\/Organization\">  <div class=\"prensa-col-icon\"><img src=\"https:\/\/prensaescrita.org\/wp-content\/uploads\/2025\/03\/info.jpg\" alt=\"Diario\" width=\"13\" height=\"13\"><\/div>  <div class=\"prensa-col-name\" itemprop=\"name\"><strong>FRATERNIT\u00c9 MATIN<\/strong><\/div>  <div class=\"prensa-col-place\">Abidjan<\/div>  <div class=\"prensa-col-url\"><a href=\"http:\/\/www.fratmat.info\" target=\"_blank\" rel=\"nofollow noopener\" itemprop=\"url\">fratmat.info<\/a><\/div><\/div><div class=\"prensa-row\" itemscope itemtype=\"https:\/\/schema.org\/Organization\">  <div class=\"prensa-col-icon\"><img src=\"https:\/\/prensaescrita.org\/wp-content\/uploads\/2025\/03\/info.jpg\" alt=\"Diario\" width=\"13\" height=\"13\"><\/div>  <div class=\"prensa-col-name\" itemprop=\"name\"><strong>INFORMA\u00c7\u00d5ES DO<\/strong><\/div>  <div class=\"prensa-col-place\">Abidjan<\/div>  <div class=\"prensa-col-url\"><a href=\"http:\/\/www.linfodrome.com\" target=\"_blank\" rel=\"nofollow noopener\" itemprop=\"url\">linfodrome.com<\/a><\/div><\/div><div class=\"prensa-row\" itemscope itemtype=\"https:\/\/schema.org\/Organization\">  <div class=\"prensa-col-icon\"><img src=\"https:\/\/prensaescrita.org\/wp-content\/uploads\/2025\/03\/info.jpg\" alt=\"Diario\" width=\"13\" height=\"13\"><\/div>  <div class=\"prensa-col-name\" itemprop=\"name\"><strong>LE NOUVEAU R\u00c9VEIL<\/strong><\/div>  <div class=\"prensa-col-place\">Abidjan<\/div>  <div class=\"prensa-col-url\"><a href=\"http:\/\/www.lenouveaureveil.com\" target=\"_blank\" rel=\"nofollow noopener\" itemprop=\"url\">lenouveaureveil.com<\/a><\/div><\/div><\/div>\n<hr style=\"border: none; height: 2px; background: linear-gradient(to right, transparent, #000, transparent); margin: 20px 0;\">\n<p><\/p>\n<h2 class=\"concss\">Lista de jornais e jornais da Costa do Marfim<\/h2>\n<p><\/p>\n<div class=\"estilo1\">Se voc\u00ea est\u00e1 procurando informa\u00e7\u00f5es atualizadas sobre os jornais da Costa do Marfim, voc\u00ea veio ao lugar certo. Nesta tabela voc\u00ea encontrar\u00e1 uma lista dos principais jornais da Costa do Marfim, que o manter\u00e1 informado sobre os eventos mais relevantes do pa\u00eds. A imprensa na Costa do Marfim desempenha um papel fundamental na sociedade, fornecendo aos cidad\u00e3os informa\u00e7\u00f5es verdadeiras e oportunas sobre pol\u00edtica, economia, cultura, esportes e outros temas de interesse geral. Gra\u00e7as \u00e0 diversidade de jornais na Costa do Marfim, os leitores podem acessar diferentes perspectivas e abordagens dos mesmos fatos, enriquecendo assim sua compreens\u00e3o da realidade nacional e internacional.  <\/p>\n<p>Os jornais da Costa do Marfim caracterizam-se pelo seu profissionalismo e compromisso com a verdade, o que os torna uma fonte fi\u00e1vel de not\u00edcias para a popula\u00e7\u00e3o. Al\u00e9m disso, muitos desses jornais conseguiram se adaptar \u00e0s mudan\u00e7as tecnol\u00f3gicas, oferecendo vers\u00f5es digitais de suas publica\u00e7\u00f5es que permitem o acesso \u00e0 informa\u00e7\u00e3o de qualquer lugar e a qualquer momento. <\/p>\n<p>Entre os jornais marfinenses mais proeminentes est\u00e3o Le Patriote, Fraternit\u00e9 Matin, Notre Voie, L\u2019Inter, Soir Info, Le Nouveau R\u00e9veil, entre outros. Cada um desses jornais na Costa do Marfim tem sua pr\u00f3pria linha editorial e audi\u00eancia, garantindo ampla cobertura de not\u00edcias para atender \u00e0s necessidades de todos os leitores. <\/p>\n<p>N\u00e3o perca a oportunidade de consultar esta tabela com a lista de jornais da Costa do Marfim, e manter-se a par de tudo o que acontece neste fascinante pa\u00eds africano atrav\u00e9s da imprensa marfinense.<\/p>\n<\/div>\n","protected":false},"excerpt":{"rendered":"<p>FRATERNIT\u00c9 MATIN Abidjan fratmat.info INFORMA\u00c7\u00d5ES DO Abidjan linfodrome.com LE NOUVEAU R\u00c9VEIL Abidjan lenouveaureveil.com Lista de jornais e jornais da Costa do Marfim Se voc\u00ea est\u00e1 procurando informa\u00e7\u00f5es atualizadas sobre os jornais da Costa do Marfim, voc\u00ea veio ao lugar certo. Nesta tabela voc\u00ea encontrar\u00e1 uma lista dos principais jornais da Costa do Marfim, que o &#8230; <a title=\"Jornais e jornais na Costa do Marfim\" class=\"read-more\" href=\"https:\/\/prensaescrita.org\/pt-br\/jornais-e-jornais-na-africa\/jornais-e-jornais-na-costa-do-marfim\/\" aria-label=\"Read more about Jornais e jornais na Costa do Marfim\">Leia mais<\/a><\/p>\n","protected":false},"author":1,"featured_media":0,"comment_status":"closed","ping_status":"open","sticky":false,"template":"","format":"standard","meta":{"footnotes":""},"categories":[140],"tags":[],"class_list":["post-2886","post","type-post","status-publish","format-standard","hentry","category-jornais-e-jornais-na-africa","infinite-scroll-item","generate-columns","tablet-grid-50","mobile-grid-100","grid-parent","grid-33"],"_links":{"self":[{"href":"https:\/\/prensaescrita.org\/pt-br\/wp-json\/wp\/v2\/posts\/2886","targetHints":{"allow":["GET"]}}],"collection":[{"href":"https:\/\/prensaescrita.org\/pt-br\/wp-json\/wp\/v2\/posts"}],"about":[{"href":"https:\/\/prensaescrita.org\/pt-br\/wp-json\/wp\/v2\/types\/post"}],"author":[{"embeddable":true,"href":"https:\/\/prensaescrita.org\/pt-br\/wp-json\/wp\/v2\/users\/1"}],"replies":[{"embeddable":true,"href":"https:\/\/prensaescrita.org\/pt-br\/wp-json\/wp\/v2\/comments?post=2886"}],"version-history":[{"count":0,"href":"https:\/\/prensaescrita.org\/pt-br\/wp-json\/wp\/v2\/posts\/2886\/revisions"}],"wp:attachment":[{"href":"https:\/\/prensaescrita.org\/pt-br\/wp-json\/wp\/v2\/media?parent=2886"}],"wp:term":[{"taxonomy":"category","embeddable":true,"href":"https:\/\/prensaescrita.org\/pt-br\/wp-json\/wp\/v2\/categories?post=2886"},{"taxonomy":"post_tag","embeddable":true,"href":"https:\/\/prensaescrita.org\/pt-br\/wp-json\/wp\/v2\/tags?post=2886"}],"curies":[{"name":"wp","href":"https:\/\/api.w.org\/{rel}","templated":true}]}}