{"id":2630,"date":"2025-03-03T18:55:04","date_gmt":"2025-03-03T18:55:04","guid":{"rendered":"https:\/\/prensaescrita.org\/sem-categoria\/jornais-e-jornais-em-senegal\/"},"modified":"2025-03-03T18:55:04","modified_gmt":"2025-03-03T18:55:04","slug":"jornais-e-jornais-em-senegal","status":"publish","type":"post","link":"https:\/\/prensaescrita.org\/pt-br\/jornais-e-jornais-na-africa\/jornais-e-jornais-em-senegal\/","title":{"rendered":"Jornais e jornais em Senegal"},"content":{"rendered":"<div class=\"prensa-grid-container\"><div class=\"prensa-row\" itemscope itemtype=\"https:\/\/schema.org\/Organization\">  <div class=\"prensa-col-icon\"><img src=\"https:\/\/prensaescrita.org\/wp-content\/uploads\/2025\/03\/info.jpg\" alt=\"Diario\" width=\"13\" height=\"13\"><\/div>  <div class=\"prensa-col-name\" itemprop=\"name\"><strong>LE SOLEIL<\/strong><\/div>  <div class=\"prensa-col-place\">Dakar<\/div>  <div class=\"prensa-col-url\"><a href=\"http:\/\/www.lesoleil.sn\" target=\"_blank\" rel=\"nofollow noopener\" itemprop=\"url\">lesoleil.sn<\/a><\/div><\/div><div class=\"prensa-row\" itemscope itemtype=\"https:\/\/schema.org\/Organization\">  <div class=\"prensa-col-icon\"><img src=\"https:\/\/prensaescrita.org\/wp-content\/uploads\/2025\/03\/info.jpg\" alt=\"Diario\" width=\"13\" height=\"13\"><\/div>  <div class=\"prensa-col-name\" itemprop=\"name\"><strong>TRISTE COTIDIANO<\/strong><\/div>  <div class=\"prensa-col-place\">Dakar<\/div>  <div class=\"prensa-col-url\"><a href=\"http:\/\/www.sudonline.sn\" target=\"_blank\" rel=\"nofollow noopener\" itemprop=\"url\">sudonline.sn<\/a><\/div><\/div><div class=\"prensa-row\" itemscope itemtype=\"https:\/\/schema.org\/Organization\">  <div class=\"prensa-col-icon\"><img src=\"https:\/\/prensaescrita.org\/wp-content\/uploads\/2025\/03\/info.jpg\" alt=\"Diario\" width=\"13\" height=\"13\"><\/div>  <div class=\"prensa-col-name\" itemprop=\"name\"><strong>Groupe Futurs Media<\/strong><\/div>  <div class=\"prensa-col-place\">Dakar<\/div>  <div class=\"prensa-col-url\"><a href=\"https:\/\/www.gfm.sn\/\" target=\"_blank\" rel=\"nofollow noopener\" itemprop=\"url\">gfm.sn\/<\/a><\/div><\/div><div class=\"prensa-row\" itemscope itemtype=\"https:\/\/schema.org\/Organization\">  <div class=\"prensa-col-icon\"><img src=\"https:\/\/prensaescrita.org\/wp-content\/uploads\/2025\/03\/info.jpg\" alt=\"Diario\" width=\"13\" height=\"13\"><\/div>  <div class=\"prensa-col-name\" itemprop=\"name\"><strong>WALF FADJRI<\/strong><\/div>  <div class=\"prensa-col-place\">Dakar<\/div>  <div class=\"prensa-col-url\"><a href=\"http:\/\/www.walf-groupe.com\" target=\"_blank\" rel=\"nofollow noopener\" itemprop=\"url\">walf-groupe.com<\/a><\/div><\/div><div class=\"prensa-row\" itemscope itemtype=\"https:\/\/schema.org\/Organization\">  <div class=\"prensa-col-icon\"><img src=\"https:\/\/prensaescrita.org\/wp-content\/uploads\/2025\/03\/info.jpg\" alt=\"Diario\" width=\"13\" height=\"13\"><\/div>  <div class=\"prensa-col-name\" itemprop=\"name\"><strong>L\u2019OBSERVATEUR<\/strong><\/div>  <div class=\"prensa-col-place\">Dakar<\/div>  <div class=\"prensa-col-url\"><a href=\"http:\/\/www.igfm.sn\" target=\"_blank\" rel=\"nofollow noopener\" itemprop=\"url\">igfm.sn<\/a><\/div><\/div><div class=\"prensa-row\" itemscope itemtype=\"https:\/\/schema.org\/Organization\">  <div class=\"prensa-col-icon\"><img src=\"https:\/\/prensaescrita.org\/wp-content\/uploads\/2025\/03\/info.jpg\" alt=\"Diario\" width=\"13\" height=\"13\"><\/div>  <div class=\"prensa-col-name\" itemprop=\"name\"><strong>LE QUOTIDIEN<\/strong><\/div>  <div class=\"prensa-col-place\">Dakar<\/div>  <div class=\"prensa-col-url\"><a href=\"http:\/\/www.lequotidien.sn\" target=\"_blank\" rel=\"nofollow noopener\" itemprop=\"url\">lequotidien.sn<\/a><\/div><\/div><\/div>\n<hr style=\"border: none; height: 2px; background: linear-gradient(to right, transparent, #000, transparent); margin: 20px 0;\">\n<h2 class=\"concss\">Lista de jornais e jornais do Senegal<\/h2>\n<div class=\"estilo1\">No Senegal, a imprensa desempenha um papel fundamental na divulga\u00e7\u00e3o de informa\u00e7\u00f5es e na promo\u00e7\u00e3o do debate p\u00fablico. Os jornais senegaleses, tamb\u00e9m conhecidos como di\u00e1rios no Senegal, s\u00e3o uma fonte de not\u00edcias e an\u00e1lises sobre atualidades nacionais e internacionais. A imprensa do Senegal cobre uma ampla variedade de t\u00f3picos, desde pol\u00edtica e economia at\u00e9 cultura e esportes. Os jornais no Senegal normalmente t\u00eam circula\u00e7\u00e3o impressa e digital, permitindo que alcancem um p\u00fablico diversificado e cada vez maior. Alguns dos jornais mais conhecidos do Senegal incluem Le Soleil, um dos jornais di\u00e1rios mais antigos e prestigiados do pa\u00eds. Este jornal cobre uma ampla gama de t\u00f3picos, desde not\u00edcias locais at\u00e9 eventos internacionais relevantes. Outro jornal de destaque no Senegal \u00e9 o Sud Quotidien, conhecido por sua abordagem cr\u00edtica e cobertura abrangente dos eventos pol\u00edticos e sociais atuais. Este jornal \u00e9 uma fonte confi\u00e1vel de informa\u00e7\u00e3o para os interessados nos eventos mais relevantes do pa\u00eds e da regi\u00e3o.    <\/p>\n<p>Al\u00e9m disso, outros jornais de renome podem ser encontrados no Senegal, como L\u2019Observateur e Le Quotidien, que oferecem uma perspectiva \u00fanica sobre a atualidade nacional e internacional.<\/p>\n<p>Em suma, os jornais senegaleses desempenham um papel crucial na sociedade, informando, educando e entretendo a popula\u00e7\u00e3o. Gra\u00e7as \u00e0 sua diversidade de temas e abordagens, a imprensa do Senegal continua sendo uma fonte indispens\u00e1vel de informa\u00e7\u00e3o para os cidad\u00e3os e um elemento-chave no cen\u00e1rio midi\u00e1tico do pa\u00eds. <\/p>\n<\/div>\n","protected":false},"excerpt":{"rendered":"<p>LE SOLEIL Dakar lesoleil.sn TRISTE COTIDIANO Dakar sudonline.sn Groupe Futurs Media Dakar gfm.sn\/ WALF FADJRI Dakar walf-groupe.com L\u2019OBSERVATEUR Dakar igfm.sn LE QUOTIDIEN Dakar lequotidien.sn Lista de jornais e jornais do Senegal No Senegal, a imprensa desempenha um papel fundamental na divulga\u00e7\u00e3o de informa\u00e7\u00f5es e na promo\u00e7\u00e3o do debate p\u00fablico. Os jornais senegaleses, tamb\u00e9m conhecidos como &#8230; <a title=\"Jornais e jornais em Senegal\" class=\"read-more\" href=\"https:\/\/prensaescrita.org\/pt-br\/jornais-e-jornais-na-africa\/jornais-e-jornais-em-senegal\/\" aria-label=\"Read more about Jornais e jornais em Senegal\">Leia mais<\/a><\/p>\n","protected":false},"author":1,"featured_media":0,"comment_status":"closed","ping_status":"open","sticky":false,"template":"","format":"standard","meta":{"footnotes":""},"categories":[140],"tags":[],"class_list":["post-2630","post","type-post","status-publish","format-standard","hentry","category-jornais-e-jornais-na-africa","infinite-scroll-item","generate-columns","tablet-grid-50","mobile-grid-100","grid-parent","grid-33"],"_links":{"self":[{"href":"https:\/\/prensaescrita.org\/pt-br\/wp-json\/wp\/v2\/posts\/2630","targetHints":{"allow":["GET"]}}],"collection":[{"href":"https:\/\/prensaescrita.org\/pt-br\/wp-json\/wp\/v2\/posts"}],"about":[{"href":"https:\/\/prensaescrita.org\/pt-br\/wp-json\/wp\/v2\/types\/post"}],"author":[{"embeddable":true,"href":"https:\/\/prensaescrita.org\/pt-br\/wp-json\/wp\/v2\/users\/1"}],"replies":[{"embeddable":true,"href":"https:\/\/prensaescrita.org\/pt-br\/wp-json\/wp\/v2\/comments?post=2630"}],"version-history":[{"count":0,"href":"https:\/\/prensaescrita.org\/pt-br\/wp-json\/wp\/v2\/posts\/2630\/revisions"}],"wp:attachment":[{"href":"https:\/\/prensaescrita.org\/pt-br\/wp-json\/wp\/v2\/media?parent=2630"}],"wp:term":[{"taxonomy":"category","embeddable":true,"href":"https:\/\/prensaescrita.org\/pt-br\/wp-json\/wp\/v2\/categories?post=2630"},{"taxonomy":"post_tag","embeddable":true,"href":"https:\/\/prensaescrita.org\/pt-br\/wp-json\/wp\/v2\/tags?post=2630"}],"curies":[{"name":"wp","href":"https:\/\/api.w.org\/{rel}","templated":true}]}}