{"id":2486,"date":"2025-03-03T18:45:35","date_gmt":"2025-03-03T18:45:35","guid":{"rendered":"https:\/\/prensaescrita.org\/sem-categoria\/jornais-e-jornais-na-republica-centro-africana\/"},"modified":"2025-03-03T18:45:35","modified_gmt":"2025-03-03T18:45:35","slug":"jornais-e-jornais-na-republica-centro-africana","status":"publish","type":"post","link":"https:\/\/prensaescrita.org\/pt-br\/jornais-e-jornais-na-africa\/jornais-e-jornais-na-republica-centro-africana\/","title":{"rendered":"Jornais e jornais na Rep\u00fablica Centro-Africana"},"content":{"rendered":"<div class=\"box-shadow-light\" style=\"margin-bottom: 30px;\">\n<table border=\"0\" width=\"100%\" cellspacing=\"0\" cellpadding=\"2\" bgcolor=\"#ffffff\">\n<tbody>\n<tr>\n<td width=\"40%\"><span style=\"font-family: tahoma; font-size: medium;\"><b>ELES O CITAM<\/b><\/span><\/td>\n<td width=\"20%\"><span style=\"font-family: verdana; font-size: medium;\"><strong>Bangui<\/strong><\/span><\/td>\n<td width=\"40%\"><span style=\"font-family: verdana; font-size: small;\">\u2014\u2013<\/span><\/td>\n<\/tr>\n<tr>\n<td width=\"40%\"><span style=\"font-family: tahoma; font-size: medium;\"><b>LE CONFIANTE<\/b><\/span><\/td>\n<td width=\"20%\"><span style=\"font-family: verdana; font-size: medium;\"><strong>Bangui<\/strong><\/span><\/td>\n<td width=\"40%\"><span style=\"font-family: verdana; font-size: small;\">\u2014\u2013<\/span><\/td>\n<\/tr>\n<tr>\n<td width=\"40%\"><span style=\"font-family: tahoma; font-size: medium;\"><b>L\u2019HIRONDELLE<\/b><\/span><\/td>\n<td width=\"20%\"><span style=\"font-family: verdana; font-size: medium;\"><strong>Bangui<\/strong><\/span><\/td>\n<td width=\"40%\"><span style=\"font-family: verdana; font-size: small;\">\u2014\u2013<\/span><\/td>\n<\/tr>\n<\/tbody>\n<\/table>\n<\/div>\n<hr style=\"border: none; height: 2px; background: linear-gradient(to right, transparent, #000, transparent); margin: 20px 0;\">\n<p><\/p>\n<h2 class=\"concss\">Lista de jornais e peri\u00f3dicos da Rep\u00fablica Centro-Africana<\/h2>\n<p><\/p>\n<div class=\"estilo1\">Na Rep\u00fablica Centro-Africana, a imprensa desempenha um papel fundamental na dissemina\u00e7\u00e3o de informa\u00e7\u00f5es e na forma\u00e7\u00e3o da opini\u00e3o p\u00fablica. Os jornais da Rep\u00fablica Centro-Africana s\u00e3o uma importante fonte de not\u00edcias locais, nacionais e internacionais, mantendo a popula\u00e7\u00e3o informada sobre os acontecimentos mais relevantes no pa\u00eds e no mundo. Os jornais da Rep\u00fablica Centro-Africana cobrem uma ampla variedade de t\u00f3picos, desde pol\u00edtica e economia at\u00e9 cultura e esportes, dando aos leitores uma vis\u00e3o abrangente da realidade ao seu redor. A imprensa na Rep\u00fablica Centro-Africana desempenha um papel crucial na sociedade, incentivando o debate, a reflex\u00e3o e a cr\u00edtica construtiva.     <\/p>\n<p>Abaixo est\u00e1 uma tabela listando alguns dos jornais mais proeminentes da Rep\u00fablica Centro-Africana: <\/p>\n<p>| Nome do Jornal | S\u00edtio Web |<br \/>\n| \u2014\u2014\u2014\u2014\u2014\u2014\u2014\u2014\u2014\u2014 | \u2014\u2014\u2014\u2014\u2014\u2014\u2014\u2014\u2014\u2014\u2014\u2014 |<br \/>\n| Le Confiante | www.leconfident.net |<br \/>\n| L\u2019Hirondelle | www.hirondelle-rca.org |<br \/>\n| Les Collines de l\u2019Oubangui | www.lescollinesdeloubangui.com |<br \/>\n| Le Citoyen | www.lecitoyen-rca.net |<br \/>\n| Le Democrate | www.ledemocrate-rc.net |<br \/>\n| L\u2019H\u00e9rault | www.lherault-rca.com |<\/p>\n<p>Esses jornais s\u00e3o apenas uma amostra da diversidade e qualidade da imprensa na Rep\u00fablica Centro-Africana, que se esfor\u00e7a para manter a popula\u00e7\u00e3o informada e engajada com os assuntos atuais. Os jornais da Rep\u00fablica Centro-Africana s\u00e3o uma janela para a realidade do pa\u00eds e uma ferramenta indispens\u00e1vel para o exerc\u00edcio da liberdade de express\u00e3o e o fortalecimento da democracia.   <\/p>\n<\/div>\n","protected":false},"excerpt":{"rendered":"<p>ELES O CITAM Bangui \u2014\u2013 LE CONFIANTE Bangui \u2014\u2013 L\u2019HIRONDELLE Bangui \u2014\u2013 Lista de jornais e peri\u00f3dicos da Rep\u00fablica Centro-Africana Na Rep\u00fablica Centro-Africana, a imprensa desempenha um papel fundamental na dissemina\u00e7\u00e3o de informa\u00e7\u00f5es e na forma\u00e7\u00e3o da opini\u00e3o p\u00fablica. Os jornais da Rep\u00fablica Centro-Africana s\u00e3o uma importante fonte de not\u00edcias locais, nacionais e internacionais, mantendo &#8230; <a title=\"Jornais e jornais na Rep\u00fablica Centro-Africana\" class=\"read-more\" href=\"https:\/\/prensaescrita.org\/pt-br\/jornais-e-jornais-na-africa\/jornais-e-jornais-na-republica-centro-africana\/\" aria-label=\"Read more about Jornais e jornais na Rep\u00fablica Centro-Africana\">Leia mais<\/a><\/p>\n","protected":false},"author":1,"featured_media":0,"comment_status":"closed","ping_status":"open","sticky":false,"template":"","format":"standard","meta":{"footnotes":""},"categories":[140],"tags":[],"class_list":["post-2486","post","type-post","status-publish","format-standard","hentry","category-jornais-e-jornais-na-africa","infinite-scroll-item","generate-columns","tablet-grid-50","mobile-grid-100","grid-parent","grid-33"],"_links":{"self":[{"href":"https:\/\/prensaescrita.org\/pt-br\/wp-json\/wp\/v2\/posts\/2486","targetHints":{"allow":["GET"]}}],"collection":[{"href":"https:\/\/prensaescrita.org\/pt-br\/wp-json\/wp\/v2\/posts"}],"about":[{"href":"https:\/\/prensaescrita.org\/pt-br\/wp-json\/wp\/v2\/types\/post"}],"author":[{"embeddable":true,"href":"https:\/\/prensaescrita.org\/pt-br\/wp-json\/wp\/v2\/users\/1"}],"replies":[{"embeddable":true,"href":"https:\/\/prensaescrita.org\/pt-br\/wp-json\/wp\/v2\/comments?post=2486"}],"version-history":[{"count":0,"href":"https:\/\/prensaescrita.org\/pt-br\/wp-json\/wp\/v2\/posts\/2486\/revisions"}],"wp:attachment":[{"href":"https:\/\/prensaescrita.org\/pt-br\/wp-json\/wp\/v2\/media?parent=2486"}],"wp:term":[{"taxonomy":"category","embeddable":true,"href":"https:\/\/prensaescrita.org\/pt-br\/wp-json\/wp\/v2\/categories?post=2486"},{"taxonomy":"post_tag","embeddable":true,"href":"https:\/\/prensaescrita.org\/pt-br\/wp-json\/wp\/v2\/tags?post=2486"}],"curies":[{"name":"wp","href":"https:\/\/api.w.org\/{rel}","templated":true}]}}