{"id":3482,"date":"2025-03-01T01:03:14","date_gmt":"2025-03-01T01:03:14","guid":{"rendered":"https:\/\/prensaescrita.org\/senza-categoria\/giornali-e-giornali-di-ceuta-e-melilla\/"},"modified":"2025-03-01T01:03:14","modified_gmt":"2025-03-01T01:03:14","slug":"giornali-e-giornali-di-ceuta-e-melilla","status":"publish","type":"post","link":"https:\/\/prensaescrita.org\/it\/giornali-e-giornali-in-spagna\/giornali-e-giornali-di-ceuta-e-melilla\/","title":{"rendered":"Giornali e giornali di Ceuta e Melilla"},"content":{"rendered":"<div class=\"box-shadow-light\" style=\"margin-bottom: 30px;\">\n<table border=\"0\" width=\"100%\" cellspacing=\"0\" cellpadding=\"2\" bgcolor=\"#ffffff\">\n<tbody>\n<tr>\n<td colspan=\"4\" bgcolor=\"#D3DCDC\">\n<h2>Ceuta<\/h2>\n<\/td>\n<\/tr>\n<tr>\n<td width=\"20\">\n<table border=\"0\" cellspacing=\"1\">\n<tbody>\n<tr>\n<td><img loading=\"lazy\" decoding=\"async\" title=\"DIGITALE NO\" src=\"https:\/\/estaticos.prensaescrita.com\/imagenes\/dig-no.jpg\" alt=\"N\" width=\"13\" height=\"13\"><\/td>\n<\/tr>\n<\/tbody>\n<\/table>\n<\/td>\n<td width=\"150\"><span style=\"font-family: tahoma; font-size: medium;\"><b>IL FARO<\/b><\/span><\/td>\n<td width=\"94\"><span style=\"font-family: verdana; font-size: medium;\"><strong>Ceuta<\/strong><\/span><\/td>\n<td width=\"162\"><span style=\"font-family: verdana; font-size: medium;\"><a href=\"https:\/\/www.elfarodeceuta.es\" target=\"_blank\" rel=\"nofollow noopener\">elfarodeceuta.es<\/a><\/span><\/td>\n<\/tr>\n<tr>\n<td width=\"20\">\n<table border=\"0\" cellspacing=\"1\">\n<tbody>\n<tr>\n<td><img loading=\"lazy\" decoding=\"async\" title=\"DIGITALE NO\" src=\"https:\/\/estaticos.prensaescrita.com\/imagenes\/dig-no.jpg\" alt=\"N\" width=\"13\" height=\"13\"><\/td>\n<\/tr>\n<\/tbody>\n<\/table>\n<\/td>\n<td width=\"150\"><span style=\"font-family: tahoma; font-size: medium;\"><b>CEUTA AGGIORNATO<\/b><\/span><\/td>\n<td width=\"94\"><span style=\"font-family: verdana; font-size: medium;\"><strong>Ceuta<\/strong><\/span><\/td>\n<td width=\"162\"><span style=\"font-family: verdana; font-size: medium;\"><a href=\"https:\/\/www.ceutaldia.com\" target=\"_blank\" rel=\"nofollow noopener\">ceutaldia.com<\/a><\/span><\/td>\n<\/tr>\n<tr>\n<td width=\"20\">\n<table border=\"0\" cellspacing=\"1\">\n<tbody>\n<tr>\n<td><img loading=\"lazy\" decoding=\"async\" title=\"DIGITALE NO\" src=\"https:\/\/estaticos.prensaescrita.com\/imagenes\/dig-no.jpg\" alt=\"N\" width=\"13\" height=\"13\"><\/td>\n<\/tr>\n<\/tbody>\n<\/table>\n<\/td>\n<td width=\"150\"><span style=\"font-family: tahoma; font-size: medium;\"><b>LE PERSONE<\/b><\/span><\/td>\n<td width=\"94\"><span style=\"font-family: verdana; font-size: medium;\"><strong>Ceuta<\/strong><\/span><\/td>\n<td width=\"162\"><span style=\"font-family: verdana; font-size: medium;\"><a href=\"https:\/\/www.elpueblodeceuta.es\" target=\"_blank\" rel=\"nofollow noopener\">elpueblodeceuta.es<\/a><\/span><\/td>\n<\/tr>\n<tr>\n<td width=\"20\">\n<table border=\"0\" cellspacing=\"1\">\n<tbody>\n<tr>\n<td><img loading=\"lazy\" decoding=\"async\" title=\"DIGITALE NO\" src=\"https:\/\/estaticos.prensaescrita.com\/imagenes\/dig-no.jpg\" alt=\"N\" width=\"13\" height=\"13\"><\/td>\n<\/tr>\n<\/tbody>\n<\/table>\n<\/td>\n<td width=\"150\"><span style=\"font-family: tahoma; font-size: medium;\"><b>LA VERIT\u00c0 DI CEUTA<\/b><\/span><\/td>\n<td width=\"94\"><span style=\"font-family: verdana; font-size: medium;\"><strong>Ceuta<\/strong><\/span><\/td>\n<td width=\"162\"><span style=\"font-family: verdana; font-size: medium;\"><a href=\"https:\/\/www.laverdaddeceuta.com\" target=\"_blank\" rel=\"nofollow noopener\">laverdaddeceuta.co&#8230;<\/a><\/span><\/td>\n<\/tr>\n<tr>\n<td width=\"20\">\n<table border=\"0\" cellspacing=\"1\">\n<tbody>\n<tr>\n<td><img loading=\"lazy\" decoding=\"async\" title=\"DIGITALE NO\" src=\"https:\/\/estaticos.prensaescrita.com\/imagenes\/dig-no.jpg\" alt=\"N\" width=\"13\" height=\"13\"><\/td>\n<\/tr>\n<\/tbody>\n<\/table>\n<\/td>\n<td width=\"150\"><span style=\"font-family: tahoma; font-size: medium;\"><b>NOTIZIE DI CEUTA<\/b><\/span><\/td>\n<td width=\"94\"><span style=\"font-family: verdana; font-size: medium;\"><strong>Ceuta<\/strong><\/span><\/td>\n<td width=\"162\"><span style=\"font-family: verdana; font-size: medium;\"><a href=\"https:\/\/www.ceutaactualidad.com\" target=\"_blank\" rel=\"nofollow noopener\">ceutaactualidad.co&#8230;<\/a><\/span><\/td>\n<\/tr>\n<tr>\n<td width=\"20\">\n<table border=\"0\" cellspacing=\"1\">\n<tbody>\n<tr>\n<td><img loading=\"lazy\" decoding=\"async\" title=\"DIGITALE NO\" src=\"https:\/\/estaticos.prensaescrita.com\/imagenes\/dig-no.jpg\" alt=\"N\" width=\"13\" height=\"13\"><\/td>\n<\/tr>\n<\/tbody>\n<\/table>\n<\/td>\n<td width=\"150\"><span style=\"font-family: tahoma; font-size: medium;\"><b>EL PERI\u00d3DICO DE CEUTA<\/b><\/span><\/td>\n<td width=\"94\"><span style=\"font-family: verdana; font-size: medium;\"><strong>Ceuta<\/strong><\/span><\/td>\n<td width=\"162\"><span style=\"font-family: verdana; font-size: medium;\"><a href=\"https:\/\/www.elperiodicodeceuta.es\" target=\"_blank\" rel=\"nofollow noopener\">elperiodicodeceuta&#8230;<\/a><\/span><\/td>\n<\/tr>\n<tr>\n<td colspan=\"4\" bgcolor=\"#D3DCDC\">\n<h2>Melilla<\/h2>\n<\/td>\n<\/tr>\n<tr>\n<td width=\"20\">\n<table border=\"0\" cellspacing=\"1\">\n<tbody>\n<tr>\n<td><img loading=\"lazy\" decoding=\"async\" title=\"DIGITALE NO\" src=\"https:\/\/estaticos.prensaescrita.com\/imagenes\/dig-no.jpg\" alt=\"N\" width=\"13\" height=\"13\"><\/td>\n<\/tr>\n<\/tbody>\n<\/table>\n<\/td>\n<td width=\"150\"><span style=\"font-family: tahoma; font-size: medium;\"><b>IL FARO<\/b><\/span><\/td>\n<td width=\"94\"><span style=\"font-family: verdana; font-size: medium;\"><strong>Melilla<\/strong><\/span><\/td>\n<td width=\"162\"><span style=\"font-family: verdana; font-size: medium;\"><a href=\"https:\/\/www.elfarodemelilla.es\" target=\"_blank\" rel=\"nofollow noopener\">elfarodemelilla.es<\/a><\/span><\/td>\n<\/tr>\n<tr>\n<td width=\"20\">\n<table border=\"0\" cellspacing=\"1\">\n<tbody>\n<tr>\n<td><img loading=\"lazy\" decoding=\"async\" title=\"DIGITALE NO\" src=\"https:\/\/estaticos.prensaescrita.com\/imagenes\/dig-no.jpg\" alt=\"N\" width=\"13\" height=\"13\"><\/td>\n<\/tr>\n<\/tbody>\n<\/table>\n<\/td>\n<td width=\"150\"><span style=\"font-family: tahoma; font-size: medium;\"><b>TWIN OGGI<\/b><\/span><\/td>\n<td width=\"94\"><span style=\"font-family: verdana; font-size: medium;\"><strong>Melilla<\/strong><\/span><\/td>\n<td width=\"162\"><span style=\"font-family: verdana; font-size: medium;\"><a href=\"https:\/\/www.melillahoy.es\" target=\"_blank\" rel=\"nofollow noopener\">melillahoy.es<\/a><\/span><\/td>\n<\/tr>\n<\/tbody>\n<\/table>\n<p><img decoding=\"async\" src=\"https:\/\/prensaescrita.org\/wp-content\/uploads\/2025\/03\/info.jpg\" alt=\"RSS\">  Informazioni generali \u2013 <img decoding=\"async\" src=\"https:\/\/prensaescrita.org\/wp-content\/uploads\/2025\/03\/deporte.jpg\" alt=\"coprire\"> Sport\/Economia<\/div>\n<hr style=\"border: none; height: 2px; background: linear-gradient(to right, transparent, #000, transparent); margin: 20px 0;\">\n<p><\/p>\n<h2 class=\"concss\">Elenco dei giornali e giornali di Ceuta e Melilla<\/h2>\n<p><\/p>\n<div class=\"estilo1\">Se siete alla ricerca di informazioni aggiornate sui giornali di Ceuta e Melilla, siete nel posto giusto. In questa tabella troverete un elenco completo dei giornali di Ceuta e Melilla, nonch\u00e9 della stampa pi\u00f9 importante di Ceuta e Melilla oggi. A Ceuta, alcuni dei giornali pi\u00f9 rinomati sono El Faro de Ceuta, un giornale con una lunga storia nella regione che si \u00e8 affermato come una fonte affidabile di informazioni locali. Un altro importante quotidiano della citt\u00e0 \u00e8 ABC de Ceuta, che offre una copertura esaustiva degli eventi pi\u00f9 rilevanti della zona.  <\/p>\n<p>A Melilla spiccano giornali come El Telegrama de Melilla, un organo di stampa che si \u00e8 guadagnato la fiducia dei suoi lettori grazie al suo rigore giornalistico e all\u2019impegno per la verit\u00e0. Un altro giornale di rilievo della citt\u00e0 \u00e8 Melilla Hoy, che si \u00e8 posizionato come punto di riferimento nella stampa locale per la sua copertura completa degli eventi pi\u00f9 importanti della regione. <\/p>\n<p>Oltre a questi giornali, a Ceuta e Melilla troviamo anche pubblicazioni digitali che stanno acquisendo sempre pi\u00f9 rilevanza nel panorama dei media. Media come Ceuta Actualidad o Melilla Digital offrono una copertura agile e aggiornata delle notizie locali, adattandosi alle nuove tendenze nel consumo di notizie. <\/p>\n<p>In sintesi, la stampa a Ceuta e Melilla \u00e8 varia e diversificata, offrendo ai cittadini un\u2019ampia gamma di opzioni per rimanere informati su ci\u00f2 che sta accadendo nelle rispettive citt\u00e0. Che si tratti di giornali tradizionali o di media digitali, l\u2019informazione \u00e8 disponibile per tutti in queste due regioni della Spagna. <\/p>\n<\/div>\n","protected":false},"excerpt":{"rendered":"<p>Ceuta IL FARO Ceuta elfarodeceuta.es CEUTA AGGIORNATO Ceuta ceutaldia.com LE PERSONE Ceuta elpueblodeceuta.es LA VERIT\u00c0 DI CEUTA Ceuta laverdaddeceuta.co&#8230; NOTIZIE DI CEUTA Ceuta ceutaactualidad.co&#8230; EL PERI\u00d3DICO DE CEUTA Ceuta elperiodicodeceuta&#8230; Melilla IL FARO Melilla elfarodemelilla.es TWIN OGGI Melilla melillahoy.es Informazioni generali \u2013 Sport\/Economia Elenco dei giornali e giornali di Ceuta e Melilla Se siete alla &#8230; <a title=\"Giornali e giornali di Ceuta e Melilla\" class=\"read-more\" href=\"https:\/\/prensaescrita.org\/it\/giornali-e-giornali-in-spagna\/giornali-e-giornali-di-ceuta-e-melilla\/\" aria-label=\"Per saperne di pi\u00f9 su Giornali e giornali di Ceuta e Melilla\">Leggi tutto<\/a><\/p>\n","protected":false},"author":1,"featured_media":0,"comment_status":"closed","ping_status":"open","sticky":false,"template":"","format":"standard","meta":{"footnotes":""},"categories":[152],"tags":[],"class_list":["post-3482","post","type-post","status-publish","format-standard","hentry","category-giornali-e-giornali-in-spagna","infinite-scroll-item","generate-columns","tablet-grid-50","mobile-grid-100","grid-parent","grid-33"],"_links":{"self":[{"href":"https:\/\/prensaescrita.org\/it\/wp-json\/wp\/v2\/posts\/3482","targetHints":{"allow":["GET"]}}],"collection":[{"href":"https:\/\/prensaescrita.org\/it\/wp-json\/wp\/v2\/posts"}],"about":[{"href":"https:\/\/prensaescrita.org\/it\/wp-json\/wp\/v2\/types\/post"}],"author":[{"embeddable":true,"href":"https:\/\/prensaescrita.org\/it\/wp-json\/wp\/v2\/users\/1"}],"replies":[{"embeddable":true,"href":"https:\/\/prensaescrita.org\/it\/wp-json\/wp\/v2\/comments?post=3482"}],"version-history":[{"count":0,"href":"https:\/\/prensaescrita.org\/it\/wp-json\/wp\/v2\/posts\/3482\/revisions"}],"wp:attachment":[{"href":"https:\/\/prensaescrita.org\/it\/wp-json\/wp\/v2\/media?parent=3482"}],"wp:term":[{"taxonomy":"category","embeddable":true,"href":"https:\/\/prensaescrita.org\/it\/wp-json\/wp\/v2\/categories?post=3482"},{"taxonomy":"post_tag","embeddable":true,"href":"https:\/\/prensaescrita.org\/it\/wp-json\/wp\/v2\/tags?post=3482"}],"curies":[{"name":"wp","href":"https:\/\/api.w.org\/{rel}","templated":true}]}}