{"id":3529,"date":"2025-03-03T13:45:58","date_gmt":"2025-03-03T13:45:58","guid":{"rendered":"https:\/\/prensaescrita.org\/non-categorise\/journaux-et-journaux-destremadure\/"},"modified":"2025-03-03T13:45:58","modified_gmt":"2025-03-03T13:45:58","slug":"journaux-et-journaux-destremadure","status":"publish","type":"post","link":"https:\/\/prensaescrita.org\/fr\/journaux-et-journaux-en-espagne\/journaux-et-journaux-destremadure\/","title":{"rendered":"Journaux et journaux d\u2019Estr\u00e9madure"},"content":{"rendered":"<div class=\"box-shadow-light\" style=\"margin-bottom: 30px;\">\n<table border=\"0\" width=\"100%\" cellspacing=\"0\" cellpadding=\"2\" bgcolor=\"#ffffff\">\n<tbody>\n<tr>\n<td colspan=\"4\" bgcolor=\"#D3DCDC\">\n<h2>Badajoz<\/h2>\n<\/td>\n<\/tr>\n<tr>\n<td width=\"20\">\n<table border=\"0\" cellspacing=\"1\">\n<tbody>\n<tr>\n<td><img loading=\"lazy\" decoding=\"async\" title=\"NUM\u00c9RIQUE NON\" src=\"https:\/\/estaticos.prensaescrita.com\/imagenes\/dig-no.jpg\" alt=\"N\" width=\"13\" height=\"13\"><\/td>\n<\/tr>\n<\/tbody>\n<\/table>\n<\/td>\n<td width=\"150\"><span style=\"font-family: tahoma; font-size: medium;\"><b>AUJOURD\u2019HUI<\/b><\/span><\/td>\n<td width=\"94\"><span style=\"font-family: verdana; font-size: medium;\"><strong>Badajoz<\/strong><\/span><\/td>\n<td width=\"162\"><span style=\"font-family: verdana; font-size: medium;\"><a href=\"https:\/\/www.hoy.es\" target=\"_blank\" rel=\"nofollow noopener\">hoy.es<\/a><\/span><\/td>\n<\/tr>\n<tr>\n<td width=\"20\">\n<table border=\"0\" cellspacing=\"1\">\n<tbody>\n<tr>\n<td><img loading=\"lazy\" decoding=\"async\" title=\"NUM\u00c9RIQUE NON\" src=\"https:\/\/estaticos.prensaescrita.com\/imagenes\/dig-no.jpg\" alt=\"N\" width=\"13\" height=\"13\"><\/td>\n<\/tr>\n<\/tbody>\n<\/table>\n<\/td>\n<td width=\"150\"><span style=\"font-family: tahoma; font-size: medium;\"><b>LA CHRONIQUE DE BADAJOZ<\/b><\/span><\/td>\n<td width=\"94\"><span style=\"font-family: verdana; font-size: medium;\"><strong>Badajoz<\/strong><\/span><\/td>\n<td width=\"162\"><span style=\"font-family: verdana; font-size: medium;\"><a href=\"https:\/\/www.lacronicabadajoz.com\" target=\"_blank\" rel=\"nofollow noopener\">lacronicabadajoz.c&#8230;<\/a><\/span><\/td>\n<\/tr>\n<tr>\n<td width=\"20\">\n<table border=\"0\" cellspacing=\"1\">\n<tbody>\n<tr>\n<td><img loading=\"lazy\" decoding=\"async\" title=\"NUM\u00c9RIQUE NON\" src=\"https:\/\/estaticos.prensaescrita.com\/imagenes\/dig-no.jpg\" alt=\"N\" width=\"13\" height=\"13\"><\/td>\n<\/tr>\n<\/tbody>\n<\/table>\n<\/td>\n<td width=\"150\"><span style=\"font-family: tahoma; font-size: medium;\"><b>EXR\u00c9MADURE 7 JOURS<\/b><\/span><\/td>\n<td width=\"94\"><span style=\"font-family: verdana; font-size: medium;\"><strong>Badajoz<\/strong><\/span><\/td>\n<td width=\"162\"><span style=\"font-family: verdana; font-size: medium;\"><a href=\"https:\/\/www.extremadura7dias.com\" target=\"_blank\" rel=\"nofollow noopener\">extremadura7dias.c&#8230;<\/a><\/span><\/td>\n<\/tr>\n<tr>\n<td width=\"20\">\n<table border=\"0\" cellspacing=\"1\">\n<tbody>\n<tr>\n<td><img loading=\"lazy\" decoding=\"async\" title=\"NUM\u00c9RIQUE NON\" src=\"https:\/\/estaticos.prensaescrita.com\/imagenes\/dig-no.jpg\" alt=\"N\" width=\"13\" height=\"13\"><\/td>\n<\/tr>\n<\/tbody>\n<\/table>\n<\/td>\n<td width=\"150\"><span style=\"font-family: tahoma; font-size: medium;\"><b>BADAJOZ DIRECT<\/b><\/span><\/td>\n<td width=\"94\"><span style=\"font-family: verdana; font-size: medium;\"><strong>Badajoz<\/strong><\/span><\/td>\n<td width=\"162\"><span style=\"font-family: verdana; font-size: medium;\"><a href=\"https:\/\/www.badajozdirecto.com\" target=\"_blank\" rel=\"nofollow noopener\">badajozdirecto.com<\/a><\/span><\/td>\n<\/tr>\n<tr>\n<td width=\"20\">\n<table border=\"0\" cellspacing=\"1\">\n<tbody>\n<tr>\n<td><img loading=\"lazy\" decoding=\"async\" title=\"NUM\u00c9RIQUE NON\" src=\"https:\/\/estaticos.prensaescrita.com\/imagenes\/dig-no.jpg\" alt=\"N\" width=\"13\" height=\"13\"><\/td>\n<\/tr>\n<\/tbody>\n<\/table>\n<\/td>\n<td width=\"150\"><span style=\"font-family: tahoma; font-size: medium;\"><b>R\u00c9GION NUM\u00c9RIQUE<\/b><\/span><\/td>\n<td width=\"94\"><span style=\"font-family: verdana; font-size: medium;\"><strong>Badajoz<\/strong><\/span><\/td>\n<td width=\"162\"><span style=\"font-family: verdana; font-size: medium;\"><a href=\"https:\/\/www.regiondigital.com\" target=\"_blank\" rel=\"nofollow noopener\">regiondigital.com<\/a><\/span><\/td>\n<\/tr>\n<tr>\n<td width=\"20\">\n<table border=\"0\" cellspacing=\"1\">\n<tbody>\n<tr>\n<td><img loading=\"lazy\" decoding=\"async\" title=\"NUM\u00c9RIQUE NON\" src=\"https:\/\/estaticos.prensaescrita.com\/imagenes\/dig-no.jpg\" alt=\"N\" width=\"13\" height=\"13\"><\/td>\n<\/tr>\n<\/tbody>\n<\/table>\n<\/td>\n<td width=\"150\"><span style=\"font-family: tahoma; font-size: medium;\"><b>DIARIO DE M\u00c9RIDA<\/b><\/span><\/td>\n<td width=\"94\"><span style=\"font-family: verdana; font-size: medium;\"><strong>Merida<\/strong><\/span><\/td>\n<td width=\"162\"><span style=\"font-family: verdana; font-size: medium;\"><a href=\"https:\/\/www.diariodemerida.es\" target=\"_blank\" rel=\"nofollow noopener\">diariodemerida.es<\/a><\/span><\/td>\n<\/tr>\n<tr>\n<td width=\"20\">\n<table border=\"0\" cellspacing=\"1\">\n<tbody>\n<tr>\n<td><img loading=\"lazy\" decoding=\"async\" title=\"NUM\u00c9RIQUE NON\" src=\"https:\/\/estaticos.prensaescrita.com\/imagenes\/dig-no.jpg\" alt=\"N\" width=\"13\" height=\"13\"><\/td>\n<\/tr>\n<\/tbody>\n<\/table>\n<\/td>\n<td width=\"150\"><span style=\"font-family: tahoma; font-size: medium;\"><b>NOTRE R\u00c9GION<\/b><\/span><\/td>\n<td width=\"94\"><span style=\"font-family: verdana; font-size: medium;\"><strong>Don Benito<\/strong><\/span><\/td>\n<td width=\"162\"><span style=\"font-family: verdana; font-size: medium;\"><a href=\"https:\/\/www.nuestracomarca.com\" target=\"_blank\" rel=\"nofollow noopener\">nuestracomarca.com<\/a><\/span><\/td>\n<\/tr>\n<tr>\n<td width=\"20\">\n<table border=\"0\" cellspacing=\"1\">\n<tbody>\n<tr>\n<td><img loading=\"lazy\" decoding=\"async\" title=\"NUM\u00c9RIQUE NON\" src=\"https:\/\/estaticos.prensaescrita.com\/imagenes\/dig-no.jpg\" alt=\"N\" width=\"13\" height=\"13\"><\/td>\n<\/tr>\n<\/tbody>\n<\/table>\n<\/td>\n<td width=\"150\"><span style=\"font-family: tahoma; font-size: medium;\"><b>LA FEN\u00caTRE DE LA BAJA DE LAS VEGAS<\/b><\/span><\/td>\n<td width=\"94\"><span style=\"font-family: verdana; font-size: medium;\"><strong>Montijo<\/strong><\/span><\/td>\n<td width=\"162\"><span style=\"font-family: verdana; font-size: medium;\"><a href=\"https:\/\/www.ventanadigital.com\" target=\"_blank\" rel=\"nofollow noopener\">ventanadigital.com<\/a><\/span><\/td>\n<\/tr>\n<tr>\n<td width=\"20\">\n<table border=\"0\" cellspacing=\"1\">\n<tbody>\n<tr>\n<td><img loading=\"lazy\" decoding=\"async\" title=\"NUM\u00c9RIQUE NON\" src=\"https:\/\/estaticos.prensaescrita.com\/imagenes\/dig-no.jpg\" alt=\"N\" width=\"13\" height=\"13\"><\/td>\n<\/tr>\n<\/tbody>\n<\/table>\n<\/td>\n<td width=\"150\"><span style=\"font-family: tahoma; font-size: medium;\"><b>CHRONIQUES D\u2019UN PEUPLE<\/b><\/span><\/td>\n<td width=\"94\"><span style=\"font-family: verdana; font-size: medium;\"><strong>Montijo<\/strong><\/span><\/td>\n<td width=\"162\"><span style=\"font-family: verdana; font-size: medium;\"><a href=\"https:\/\/www.cronicasdeunpueblo.es\" target=\"_blank\" rel=\"nofollow noopener\">Chroniques d\u2019un peuple&#8230;<\/a><\/span><\/td>\n<\/tr>\n<tr>\n<td colspan=\"4\" bgcolor=\"#D3DCDC\">\n<h2>C\u00e1ceres<\/h2>\n<\/td>\n<\/tr>\n<tr>\n<td width=\"20\">\n<table border=\"0\" cellspacing=\"1\">\n<tbody>\n<tr>\n<td><img loading=\"lazy\" decoding=\"async\" title=\"NUM\u00c9RIQUE NON\" src=\"https:\/\/estaticos.prensaescrita.com\/imagenes\/dig-no.jpg\" alt=\"N\" width=\"13\" height=\"13\"><\/td>\n<\/tr>\n<\/tbody>\n<\/table>\n<\/td>\n<td width=\"150\"><span style=\"font-family: tahoma; font-size: medium;\"><b>EL PERI\u00d3DICO DE EXTREMADURA<\/b><\/span><\/td>\n<td width=\"94\"><span style=\"font-family: verdana; font-size: medium;\"><strong>C\u00e1ceres<\/strong><\/span><\/td>\n<td width=\"162\"><span style=\"font-family: verdana; font-size: medium;\"><a href=\"http:\/\/www.elperiodicoextremadura.com\" target=\"_blank\" rel=\"nofollow noopener\">elperiodicoextreme&#8230;<\/a><\/span><\/td>\n<\/tr>\n<tr>\n<td width=\"20\">\n<table border=\"0\" cellspacing=\"1\">\n<tbody>\n<tr>\n<td><img loading=\"lazy\" decoding=\"async\" title=\"NUM\u00c9RIQUE NON\" src=\"https:\/\/estaticos.prensaescrita.com\/imagenes\/dig-no.jpg\" alt=\"N\" width=\"13\" height=\"13\"><\/td>\n<\/tr>\n<\/tbody>\n<\/table>\n<\/td>\n<td width=\"150\"><span style=\"font-family: tahoma; font-size: medium;\"><b>ESTR\u00c9MADURE NUM\u00c9RIQUE<\/b><\/span><\/td>\n<td width=\"94\"><span style=\"font-family: verdana; font-size: medium;\"><strong>C\u00e1ceres<\/strong><\/span><\/td>\n<td width=\"162\"><span style=\"font-family: verdana; font-size: medium;\"><a href=\"https:\/\/www.digitalextremadura.com\" target=\"_blank\" rel=\"nofollow noopener\">num\u00e9riqueEstr\u00e9madure&#8230;<\/a><\/span><\/td>\n<\/tr>\n<tr>\n<td width=\"20\">\n<table border=\"0\" cellspacing=\"1\">\n<tbody>\n<tr>\n<td><img loading=\"lazy\" decoding=\"async\" title=\"NUM\u00c9RIQUE NON\" src=\"https:\/\/estaticos.prensaescrita.com\/imagenes\/dig-no.jpg\" alt=\"N\" width=\"13\" height=\"13\"><\/td>\n<\/tr>\n<\/tbody>\n<\/table>\n<\/td>\n<td width=\"150\"><span style=\"font-family: tahoma; font-size: medium;\"><b>DIARIO PLASENCIA<\/b><\/span><\/td>\n<td width=\"94\"><span style=\"font-family: verdana; font-size: medium;\"><strong>Plasencia<\/strong><\/span><\/td>\n<td width=\"162\"><span style=\"font-family: verdana; font-size: medium;\"><a href=\"https:\/\/www.diariodeplasencia.es\" target=\"_blank\" rel=\"nofollow noopener\">dailydeplasence&#8230;.<\/a><\/span><\/td>\n<\/tr>\n<tr>\n<td width=\"20\">\n<table border=\"0\" cellspacing=\"1\">\n<tbody>\n<tr>\n<td><img loading=\"lazy\" decoding=\"async\" title=\"NUM\u00c9RIQUE NON\" src=\"https:\/\/estaticos.prensaescrita.com\/imagenes\/dig-no.jpg\" alt=\"N\" width=\"13\" height=\"13\"><\/td>\n<\/tr>\n<\/tbody>\n<\/table>\n<\/td>\n<td width=\"150\"><span style=\"font-family: tahoma; font-size: medium;\"><b>NAVALMORAL ET LA R\u00c9GION<\/b><\/span><\/td>\n<td width=\"94\"><span style=\"font-family: verdana; font-size: medium;\"><strong>Navalmoral de la Mata<\/strong><\/span><\/td>\n<td width=\"162\"><span style=\"font-family: verdana; font-size: medium;\"><a href=\"https:\/\/www.navalmoralycomarca.com\" target=\"_blank\" rel=\"nofollow noopener\">navalmoralycomarca&#8230;<\/a><\/span><\/td>\n<\/tr>\n<tr>\n<td width=\"20\">\n<table border=\"0\" cellspacing=\"1\">\n<tbody>\n<tr>\n<td><img loading=\"lazy\" decoding=\"async\" title=\"NUM\u00c9RIQUE NON\" src=\"https:\/\/estaticos.prensaescrita.com\/imagenes\/dig-no.jpg\" alt=\"N\" width=\"13\" height=\"13\"><\/td>\n<\/tr>\n<\/tbody>\n<\/table>\n<\/td>\n<td width=\"150\"><span style=\"font-family: tahoma; font-size: medium;\"><b>LE JOURNAL DE JARAIZ<\/b><\/span><\/td>\n<td width=\"94\"><span style=\"font-family: verdana; font-size: medium;\"><strong>Jara\u00edz de la Vera<\/strong><\/span><\/td>\n<td width=\"162\"><span style=\"font-family: verdana; font-size: medium;\"><a href=\"https:\/\/www.diariodejaraizdelavera.es\" target=\"_blank\" rel=\"nofollow noopener\">Diariodejaraizdela&#8230;<\/a><\/span><\/td>\n<\/tr>\n<tr>\n<td width=\"20\">\n<table border=\"0\" cellspacing=\"1\">\n<tbody>\n<tr>\n<td><img loading=\"lazy\" decoding=\"async\" title=\"NUM\u00c9RIQUE NON\" src=\"https:\/\/estaticos.prensaescrita.com\/imagenes\/dig-no.jpg\" alt=\"N\" width=\"13\" height=\"13\"><\/td>\n<\/tr>\n<\/tbody>\n<\/table>\n<\/td>\n<td width=\"150\"><span style=\"font-family: tahoma; font-size: medium;\"><b>LE HEURTOIR<\/b><\/span><\/td>\n<td width=\"94\"><span style=\"font-family: verdana; font-size: medium;\"><strong>Herv\u00e1s<\/strong><\/span><\/td>\n<td width=\"162\"><span style=\"font-family: verdana; font-size: medium;\"><a href=\"http:\/\/www.laaldaba.es\" target=\"_blank\" rel=\"nofollow noopener\">laaldaba.es<\/a><\/span><\/td>\n<\/tr>\n<\/tbody>\n<\/table>\n<p><img decoding=\"async\" src=\"https:\/\/prensaescrita.org\/wp-content\/uploads\/2025\/03\/info.jpg\" alt=\"RSS\">  Informations g\u00e9n\u00e9rales \u2013 <img decoding=\"async\" src=\"https:\/\/prensaescrita.org\/wp-content\/uploads\/2025\/03\/deporte.jpg\" alt=\"couvrir\"> Sports\/Economie<\/div>\n<hr style=\"border: none; height: 2px; background: linear-gradient(to right, transparent, #000, transparent); margin: 20px 0;\">\n<p><\/p>\n<h2 class=\"concss\">Liste des journaux et journaux d\u2019Estr\u00e9madure<\/h2>\n<p><\/p>\n<div class=\"estilo1\">Si vous \u00eates \u00e0 la recherche d\u2019informations actualis\u00e9es sur l\u2019actualit\u00e9 locale en Estr\u00e9madure, vous \u00eates au bon endroit. Dans ce tableau, vous trouverez une liste des principaux journaux de la r\u00e9gion, qui tiennent la population inform\u00e9e des \u00e9v\u00e9nements les plus pertinents qui se produisent dans la communaut\u00e9. Les <strong>journaux d\u2019Estr\u00e9madure<\/strong> sont une source d\u2019information essentielle pour ceux qui veulent \u00eatre au courant de tout ce qui se passe dans la r\u00e9gion. Ces journaux d\u2019Estr\u00e9madure couvrent une grande vari\u00e9t\u00e9 de sujets, de la politique et de l\u2019\u00e9conomie \u00e0 la culture et au sport, offrant un aper\u00e7u complet de l\u2019actualit\u00e9 locale.  <\/p>\n<p>La <strong>presse d\u2019Estr\u00e9madure<\/strong> se caract\u00e9rise par son engagement envers la v\u00e9rit\u00e9 et l\u2019objectivit\u00e9 dans l\u2019information qu\u2019elle offre \u00e0 ses lecteurs. Gr\u00e2ce au travail des professionnels qui travaillent dans ces m\u00e9dias, les citoyens d\u2019Estr\u00e9madure peuvent acc\u00e9der \u00e0 tout moment \u00e0 des informations v\u00e9ridiques et actualis\u00e9es. <\/p>\n<p>Que vous souhaitiez vous informer sur les derniers d\u00e9veloppements de la politique r\u00e9gionale, suivre de pr\u00e8s les \u00e9v\u00e9nements culturels qui se d\u00e9roulent dans la r\u00e9gion ou rester inform\u00e9 des r\u00e9sultats sportifs des \u00e9quipes locales, les journaux d\u2019Estr\u00e9madure sont votre meilleur alli\u00e9.<\/p>\n<p>Ne manquez pas l\u2019occasion de consulter ce tableau avec la liste des journaux d\u2019Estr\u00e9madure et restez toujours inform\u00e9 de tout ce qui se passe dans votre communaut\u00e9. La presse d\u2019Estr\u00e9madure est l\u00e0 pour vous apporter les nouvelles locales de mani\u00e8re objective et v\u00e9ridique. Ne manquez aucun d\u00e9tail !  <\/p>\n<\/div>\n","protected":false},"excerpt":{"rendered":"<p>Badajoz AUJOURD\u2019HUI Badajoz hoy.es LA CHRONIQUE DE BADAJOZ Badajoz lacronicabadajoz.c&#8230; EXR\u00c9MADURE 7 JOURS Badajoz extremadura7dias.c&#8230; BADAJOZ DIRECT Badajoz badajozdirecto.com R\u00c9GION NUM\u00c9RIQUE Badajoz regiondigital.com DIARIO DE M\u00c9RIDA Merida diariodemerida.es NOTRE R\u00c9GION Don Benito nuestracomarca.com LA FEN\u00caTRE DE LA BAJA DE LAS VEGAS Montijo ventanadigital.com CHRONIQUES D\u2019UN PEUPLE Montijo Chroniques d\u2019un peuple&#8230; C\u00e1ceres EL PERI\u00d3DICO DE EXTREMADURA &#8230; <a title=\"Journaux et journaux d\u2019Estr\u00e9madure\" class=\"read-more\" href=\"https:\/\/prensaescrita.org\/fr\/journaux-et-journaux-en-espagne\/journaux-et-journaux-destremadure\/\" aria-label=\"En savoir plus sur Journaux et journaux d\u2019Estr\u00e9madure\">Lire plus<\/a><\/p>\n","protected":false},"author":1,"featured_media":0,"comment_status":"closed","ping_status":"open","sticky":false,"template":"","format":"standard","meta":{"footnotes":""},"categories":[151],"tags":[],"class_list":["post-3529","post","type-post","status-publish","format-standard","hentry","category-journaux-et-journaux-en-espagne","infinite-scroll-item","generate-columns","tablet-grid-50","mobile-grid-100","grid-parent","grid-33"],"_links":{"self":[{"href":"https:\/\/prensaescrita.org\/fr\/wp-json\/wp\/v2\/posts\/3529","targetHints":{"allow":["GET"]}}],"collection":[{"href":"https:\/\/prensaescrita.org\/fr\/wp-json\/wp\/v2\/posts"}],"about":[{"href":"https:\/\/prensaescrita.org\/fr\/wp-json\/wp\/v2\/types\/post"}],"author":[{"embeddable":true,"href":"https:\/\/prensaescrita.org\/fr\/wp-json\/wp\/v2\/users\/1"}],"replies":[{"embeddable":true,"href":"https:\/\/prensaescrita.org\/fr\/wp-json\/wp\/v2\/comments?post=3529"}],"version-history":[{"count":0,"href":"https:\/\/prensaescrita.org\/fr\/wp-json\/wp\/v2\/posts\/3529\/revisions"}],"wp:attachment":[{"href":"https:\/\/prensaescrita.org\/fr\/wp-json\/wp\/v2\/media?parent=3529"}],"wp:term":[{"taxonomy":"category","embeddable":true,"href":"https:\/\/prensaescrita.org\/fr\/wp-json\/wp\/v2\/categories?post=3529"},{"taxonomy":"post_tag","embeddable":true,"href":"https:\/\/prensaescrita.org\/fr\/wp-json\/wp\/v2\/tags?post=3529"}],"curies":[{"name":"wp","href":"https:\/\/api.w.org\/{rel}","templated":true}]}}