{"id":2636,"date":"2025-03-03T18:55:04","date_gmt":"2025-03-03T18:55:04","guid":{"rendered":"https:\/\/prensaescrita.org\/non-categorise\/journaux-et-journaux-au-senegal\/"},"modified":"2025-03-03T18:55:04","modified_gmt":"2025-03-03T18:55:04","slug":"journaux-et-journaux-au-senegal","status":"publish","type":"post","link":"https:\/\/prensaescrita.org\/fr\/journaux-et-journaux-en-afrique\/journaux-et-journaux-au-senegal\/","title":{"rendered":"Journaux et journaux au S\u00e9n\u00e9gal"},"content":{"rendered":"<div class=\"prensa-grid-container\"><div class=\"prensa-row\" itemscope itemtype=\"https:\/\/schema.org\/Organization\">  <div class=\"prensa-col-icon\"><img src=\"https:\/\/prensaescrita.org\/wp-content\/uploads\/2025\/03\/info.jpg\" alt=\"Diario\" width=\"13\" height=\"13\"><\/div>  <div class=\"prensa-col-name\" itemprop=\"name\"><strong>LE SOLEIL<\/strong><\/div>  <div class=\"prensa-col-place\">Dakar<\/div>  <div class=\"prensa-col-url\"><a href=\"http:\/\/www.lesoleil.sn\" target=\"_blank\" rel=\"nofollow noopener\" itemprop=\"url\">lesoleil.sn<\/a><\/div><\/div><div class=\"prensa-row\" itemscope itemtype=\"https:\/\/schema.org\/Organization\">  <div class=\"prensa-col-icon\"><img src=\"https:\/\/prensaescrita.org\/wp-content\/uploads\/2025\/03\/info.jpg\" alt=\"Diario\" width=\"13\" height=\"13\"><\/div>  <div class=\"prensa-col-name\" itemprop=\"name\"><strong>SAD QUOTIDIEN<\/strong><\/div>  <div class=\"prensa-col-place\">Dakar<\/div>  <div class=\"prensa-col-url\"><a href=\"http:\/\/www.sudonline.sn\" target=\"_blank\" rel=\"nofollow noopener\" itemprop=\"url\">sudonline.sn<\/a><\/div><\/div><div class=\"prensa-row\" itemscope itemtype=\"https:\/\/schema.org\/Organization\">  <div class=\"prensa-col-icon\"><img src=\"https:\/\/prensaescrita.org\/wp-content\/uploads\/2025\/03\/info.jpg\" alt=\"Diario\" width=\"13\" height=\"13\"><\/div>  <div class=\"prensa-col-name\" itemprop=\"name\"><strong>Groupe Futurs Media<\/strong><\/div>  <div class=\"prensa-col-place\">Dakar<\/div>  <div class=\"prensa-col-url\"><a href=\"https:\/\/www.gfm.sn\/\" target=\"_blank\" rel=\"nofollow noopener\" itemprop=\"url\">gfm.sn\/<\/a><\/div><\/div><div class=\"prensa-row\" itemscope itemtype=\"https:\/\/schema.org\/Organization\">  <div class=\"prensa-col-icon\"><img src=\"https:\/\/prensaescrita.org\/wp-content\/uploads\/2025\/03\/info.jpg\" alt=\"Diario\" width=\"13\" height=\"13\"><\/div>  <div class=\"prensa-col-name\" itemprop=\"name\"><strong>WALF FADJRI<\/strong><\/div>  <div class=\"prensa-col-place\">Dakar<\/div>  <div class=\"prensa-col-url\"><a href=\"http:\/\/www.walf-groupe.com\" target=\"_blank\" rel=\"nofollow noopener\" itemprop=\"url\">walf-groupe.com<\/a><\/div><\/div><div class=\"prensa-row\" itemscope itemtype=\"https:\/\/schema.org\/Organization\">  <div class=\"prensa-col-icon\"><img src=\"https:\/\/prensaescrita.org\/wp-content\/uploads\/2025\/03\/info.jpg\" alt=\"Diario\" width=\"13\" height=\"13\"><\/div>  <div class=\"prensa-col-name\" itemprop=\"name\"><strong>L\u2019OBSERVATEUR<\/strong><\/div>  <div class=\"prensa-col-place\">Dakar<\/div>  <div class=\"prensa-col-url\"><a href=\"http:\/\/www.igfm.sn\" target=\"_blank\" rel=\"nofollow noopener\" itemprop=\"url\">igfm.sn<\/a><\/div><\/div><div class=\"prensa-row\" itemscope itemtype=\"https:\/\/schema.org\/Organization\">  <div class=\"prensa-col-icon\"><img src=\"https:\/\/prensaescrita.org\/wp-content\/uploads\/2025\/03\/info.jpg\" alt=\"Diario\" width=\"13\" height=\"13\"><\/div>  <div class=\"prensa-col-name\" itemprop=\"name\"><strong>LE QUOTIDIEN<\/strong><\/div>  <div class=\"prensa-col-place\">Dakar<\/div>  <div class=\"prensa-col-url\"><a href=\"http:\/\/www.lequotidien.sn\" target=\"_blank\" rel=\"nofollow noopener\" itemprop=\"url\">lequotidien.sn<\/a><\/div><\/div><\/div>\n<hr style=\"border: none; height: 2px; background: linear-gradient(to right, transparent, #000, transparent); margin: 20px 0;\">\n<h2 class=\"concss\">Liste des journaux et journaux au S\u00e9n\u00e9gal<\/h2>\n<div class=\"estilo1\">Au S\u00e9n\u00e9gal, la presse joue un r\u00f4le cl\u00e9 dans la diffusion de l\u2019information et la promotion du d\u00e9bat public. Les journaux s\u00e9n\u00e9galais, \u00e9galement connus sous le nom de journaux intimes au S\u00e9n\u00e9gal, sont une source d\u2019informations et d\u2019analyses sur l\u2019actualit\u00e9 nationale et internationale. La presse s\u00e9n\u00e9galaise couvre une grande vari\u00e9t\u00e9 de sujets, de la politique \u00e0 l\u2019\u00e9conomie, en passant par la culture et le sport. Les journaux au S\u00e9n\u00e9gal ont g\u00e9n\u00e9ralement une diffusion \u00e0 la fois imprim\u00e9e et num\u00e9rique, ce qui leur permet d\u2019atteindre un public diversifi\u00e9 et en constante augmentation. Parmi les journaux les plus connus du S\u00e9n\u00e9gal, citons Le Soleil, l\u2019un des quotidiens les plus anciens et les plus prestigieux du pays. Ce journal couvre un large \u00e9ventail de sujets, des nouvelles locales aux \u00e9v\u00e9nements internationaux pertinents. Un autre journal important au S\u00e9n\u00e9gal est Sud Quotidien, connu pour son approche critique et sa couverture compl\u00e8te de l\u2019actualit\u00e9 politique et sociale. Ce journal est une source d\u2019information fiable pour ceux qui s\u2019int\u00e9ressent aux \u00e9v\u00e9nements les plus pertinents dans le pays et la r\u00e9gion.    <\/p>\n<p>En outre, d\u2019autres journaux renomm\u00e9s se trouvent au S\u00e9n\u00e9gal, tels que L\u2019Observateur et Le Quotidien, qui offrent une perspective unique sur l\u2019actualit\u00e9 nationale et internationale.<\/p>\n<p>En bref, les journaux s\u00e9n\u00e9galais jouent un r\u00f4le crucial dans la soci\u00e9t\u00e9 en informant, \u00e9duquant et divertissant la population. Gr\u00e2ce \u00e0 la diversit\u00e9 de ses th\u00e9matiques et de ses approches, la presse s\u00e9n\u00e9galaise reste une source d\u2019information indispensable pour les citoyens et un \u00e9l\u00e9ment cl\u00e9 du paysage m\u00e9diatique du pays. <\/p>\n<\/div>\n","protected":false},"excerpt":{"rendered":"<p>LE SOLEIL Dakar lesoleil.sn SAD QUOTIDIEN Dakar sudonline.sn Groupe Futurs Media Dakar gfm.sn\/ WALF FADJRI Dakar walf-groupe.com L\u2019OBSERVATEUR Dakar igfm.sn LE QUOTIDIEN Dakar lequotidien.sn Liste des journaux et journaux au S\u00e9n\u00e9gal Au S\u00e9n\u00e9gal, la presse joue un r\u00f4le cl\u00e9 dans la diffusion de l\u2019information et la promotion du d\u00e9bat public. Les journaux s\u00e9n\u00e9galais, \u00e9galement connus &#8230; <a title=\"Journaux et journaux au S\u00e9n\u00e9gal\" class=\"read-more\" href=\"https:\/\/prensaescrita.org\/fr\/journaux-et-journaux-en-afrique\/journaux-et-journaux-au-senegal\/\" aria-label=\"En savoir plus sur Journaux et journaux au S\u00e9n\u00e9gal\">Lire plus<\/a><\/p>\n","protected":false},"author":1,"featured_media":0,"comment_status":"closed","ping_status":"open","sticky":false,"template":"","format":"standard","meta":{"footnotes":""},"categories":[141],"tags":[],"class_list":["post-2636","post","type-post","status-publish","format-standard","hentry","category-journaux-et-journaux-en-afrique","infinite-scroll-item","generate-columns","tablet-grid-50","mobile-grid-100","grid-parent","grid-33"],"_links":{"self":[{"href":"https:\/\/prensaescrita.org\/fr\/wp-json\/wp\/v2\/posts\/2636","targetHints":{"allow":["GET"]}}],"collection":[{"href":"https:\/\/prensaescrita.org\/fr\/wp-json\/wp\/v2\/posts"}],"about":[{"href":"https:\/\/prensaescrita.org\/fr\/wp-json\/wp\/v2\/types\/post"}],"author":[{"embeddable":true,"href":"https:\/\/prensaescrita.org\/fr\/wp-json\/wp\/v2\/users\/1"}],"replies":[{"embeddable":true,"href":"https:\/\/prensaescrita.org\/fr\/wp-json\/wp\/v2\/comments?post=2636"}],"version-history":[{"count":0,"href":"https:\/\/prensaescrita.org\/fr\/wp-json\/wp\/v2\/posts\/2636\/revisions"}],"wp:attachment":[{"href":"https:\/\/prensaescrita.org\/fr\/wp-json\/wp\/v2\/media?parent=2636"}],"wp:term":[{"taxonomy":"category","embeddable":true,"href":"https:\/\/prensaescrita.org\/fr\/wp-json\/wp\/v2\/categories?post=2636"},{"taxonomy":"post_tag","embeddable":true,"href":"https:\/\/prensaescrita.org\/fr\/wp-json\/wp\/v2\/tags?post=2636"}],"curies":[{"name":"wp","href":"https:\/\/api.w.org\/{rel}","templated":true}]}}