{"id":3520,"date":"2025-03-03T13:44:24","date_gmt":"2025-03-03T13:44:24","guid":{"rendered":"https:\/\/prensaescrita.org\/sin-categoria\/kantabrian-sanomalehdet-ja-sanomalehdet\/"},"modified":"2025-03-03T13:44:24","modified_gmt":"2025-03-03T13:44:24","slug":"kantabrian-sanomalehdet-ja-sanomalehdet","status":"publish","type":"post","link":"https:\/\/prensaescrita.org\/fi\/sanomalehdet-ja-sanomalehdet-espanjassa\/kantabrian-sanomalehdet-ja-sanomalehdet\/","title":{"rendered":"Kantabrian sanomalehdet ja sanomalehdet"},"content":{"rendered":"<div class=\"box-shadow-light\" style=\"margin-bottom: 30px;\">\n<table border=\"0\" width=\"100%\" cellspacing=\"0\" cellpadding=\"2\" bgcolor=\"#ffffff\">\n<tbody>\n<tr>\n<td width=\"20\">\n<table border=\"0\" cellspacing=\"1\">\n<tbody>\n<tr>\n<td><img loading=\"lazy\" decoding=\"async\" title=\"DIGITAALINEN EI\" src=\"https:\/\/estaticos.prensaescrita.com\/imagenes\/dig-no.jpg\" alt=\"N\" width=\"13\" height=\"13\"><\/td>\n<\/tr>\n<\/tbody>\n<\/table>\n<\/td>\n<td width=\"150\"><span style=\"font-family: tahoma; font-size: medium;\"><b>EL DIARIO MONTA\u00d1\u00c9S<\/b><\/span><\/td>\n<td width=\"94\"><span style=\"font-family: verdana; font-size: medium;\"><strong>Santander<\/strong><\/span><\/td>\n<td width=\"162\"><span style=\"font-family: verdana; font-size: medium;\"><a href=\"https:\/\/www.eldiariomontanes.es\" target=\"_blank\" rel=\"nofollow noopener\">eldiariomonta\u00f1es.e&#8230;<\/a><\/span><\/td>\n<\/tr>\n<tr>\n<td width=\"20\">\n<table border=\"0\" cellspacing=\"1\">\n<tbody>\n<tr>\n<td><img loading=\"lazy\" decoding=\"async\" title=\"DIGITAALINEN EI\" src=\"https:\/\/estaticos.prensaescrita.com\/imagenes\/dig-no.jpg\" alt=\"N\" width=\"13\" height=\"13\"><\/td>\n<\/tr>\n<\/tbody>\n<\/table>\n<\/td>\n<td width=\"150\"><span style=\"font-family: tahoma; font-size: medium;\"><b>H\u00c4LYTYS<\/b><\/span><\/td>\n<td width=\"94\"><span style=\"font-family: verdana; font-size: medium;\"><strong>Santander<\/strong><\/span><\/td>\n<td width=\"162\"><span style=\"font-family: verdana; font-size: medium;\"><a href=\"https:\/\/www.eldiarioalerta.com\" target=\"_blank\" rel=\"nofollow noopener\">eldiarioalerta.com<\/a><\/span><\/td>\n<\/tr>\n<tr>\n<td width=\"20\">\n<table border=\"0\" cellspacing=\"1\">\n<tbody>\n<tr>\n<td><img loading=\"lazy\" decoding=\"async\" title=\"DIGITAALINEN EI\" src=\"https:\/\/estaticos.prensaescrita.com\/imagenes\/dig-no.jpg\" alt=\"N\" width=\"13\" height=\"13\"><\/td>\n<\/tr>\n<\/tbody>\n<\/table>\n<\/td>\n<td width=\"150\"><span style=\"font-family: tahoma; font-size: medium;\"><b>EL DIARIO CANTABRIA<\/b><\/span><\/td>\n<td width=\"94\"><span style=\"font-family: verdana; font-size: medium;\"><strong>Santander<\/strong><\/span><\/td>\n<td width=\"162\"><span style=\"font-family: verdana; font-size: medium;\"><a href=\"https:\/\/www.eldiariocantabria.es\" target=\"_blank\" rel=\"nofollow noopener\">Eldiariocantabria&#8230;.<\/a><\/span><\/td>\n<\/tr>\n<tr>\n<td width=\"20\">\n<table border=\"0\" cellspacing=\"1\">\n<tbody>\n<tr>\n<td><img loading=\"lazy\" decoding=\"async\" title=\"DIGITAALINEN EI\" src=\"https:\/\/estaticos.prensaescrita.com\/imagenes\/dig-no.jpg\" alt=\"N\" width=\"13\" height=\"13\"><\/td>\n<\/tr>\n<\/tbody>\n<\/table>\n<\/td>\n<td width=\"150\"><span style=\"font-family: tahoma; font-size: medium;\"><b>IFOMO<\/b><\/span><\/td>\n<td width=\"94\"><span style=\"font-family: verdana; font-size: medium;\"><strong>Santander<\/strong><\/span><\/td>\n<td width=\"162\"><span style=\"font-family: verdana; font-size: medium;\"><a href=\"https:\/\/www.ifomo.es\" target=\"_blank\" rel=\"nofollow noopener\">ifomo.es<\/a><\/span><\/td>\n<\/tr>\n<tr>\n<td width=\"20\">\n<table border=\"0\" cellspacing=\"1\">\n<tbody>\n<tr>\n<td><img loading=\"lazy\" decoding=\"async\" title=\"DIGITAALINEN EI\" src=\"https:\/\/estaticos.prensaescrita.com\/imagenes\/dig-no.jpg\" alt=\"N\" width=\"13\" height=\"13\"><\/td>\n<\/tr>\n<\/tbody>\n<\/table>\n<\/td>\n<td width=\"150\"><span style=\"font-family: tahoma; font-size: medium;\"><b>CANTABRIA 24 TUNTIA<\/b><\/span><\/td>\n<td width=\"94\"><span style=\"font-family: verdana; font-size: medium;\"><strong>Santander<\/strong><\/span><\/td>\n<td width=\"162\"><span style=\"font-family: verdana; font-size: medium;\"><a href=\"https:\/\/www.cantabria24horas.com\" target=\"_blank\" rel=\"nofollow noopener\">cantabria24horas.c&#8230;<\/a><\/span><\/td>\n<\/tr>\n<tr>\n<td width=\"20\">\n<table border=\"0\" cellspacing=\"1\">\n<tbody>\n<tr>\n<td><img loading=\"lazy\" decoding=\"async\" title=\"DIGITAALINEN EI\" src=\"https:\/\/estaticos.prensaescrita.com\/imagenes\/dig-no.jpg\" alt=\"N\" width=\"13\" height=\"13\"><\/td>\n<\/tr>\n<\/tbody>\n<\/table>\n<\/td>\n<td width=\"150\"><span style=\"font-family: tahoma; font-size: medium;\"><b>CANTABRIAN LIBERAALI<\/b><\/span><\/td>\n<td width=\"94\"><span style=\"font-family: verdana; font-size: medium;\"><strong>Santander<\/strong><\/span><\/td>\n<td width=\"162\"><span style=\"font-family: verdana; font-size: medium;\"><a href=\"https:\/\/www.cantabrialiberal.com\" target=\"_blank\" rel=\"nofollow noopener\">Cantabrialiberal.c&#8230;<\/a><\/span><\/td>\n<\/tr>\n<tr>\n<td width=\"20\">\n<table border=\"0\" cellspacing=\"1\">\n<tbody>\n<tr>\n<td><img loading=\"lazy\" decoding=\"async\" title=\"DIGITAALINEN EI\" src=\"https:\/\/estaticos.prensaescrita.com\/imagenes\/dig-no.jpg\" alt=\"N\" width=\"13\" height=\"13\"><\/td>\n<\/tr>\n<\/tbody>\n<\/table>\n<\/td>\n<td width=\"150\"><span style=\"font-family: tahoma; font-size: medium;\"><b>T\u00c4N\u00c4\u00c4N TORRELAVEGA<\/b><\/span><\/td>\n<td width=\"94\"><span style=\"font-family: verdana; font-size: medium;\"><strong>Torrelavega<\/strong><\/span><\/td>\n<td width=\"162\"><span style=\"font-family: verdana; font-size: medium;\"><a href=\"https:\/\/www.hoytorrelavega.es\" target=\"_blank\" rel=\"nofollow noopener\">hoytorrelavega.es<\/a><\/span><\/td>\n<\/tr>\n<tr>\n<td width=\"20\">\n<table border=\"0\" cellspacing=\"1\">\n<tbody>\n<tr>\n<td><img loading=\"lazy\" decoding=\"async\" title=\"DIGITAALINEN EI\" src=\"https:\/\/estaticos.prensaescrita.com\/imagenes\/dig-no.jpg\" alt=\"N\" width=\"13\" height=\"13\"><\/td>\n<\/tr>\n<\/tbody>\n<\/table>\n<\/td>\n<td width=\"150\"><span style=\"font-family: tahoma; font-size: medium;\"><b>PALJON CASTROA<\/b><\/span><\/td>\n<td width=\"94\"><span style=\"font-family: verdana; font-size: medium;\"><strong>Castro Urdiales<\/strong><\/span><\/td>\n<td width=\"162\"><span style=\"font-family: verdana; font-size: medium;\"><a href=\"https:\/\/www.muchocastro.com\" target=\"_blank\" rel=\"nofollow noopener\">muchocastro.com<\/a><\/span><\/td>\n<\/tr>\n<\/tbody>\n<\/table>\n<p><img decoding=\"async\" src=\"https:\/\/prensaescrita.org\/wp-content\/uploads\/2025\/03\/info.jpg\" alt=\"RSS\">  Yleist\u00e4 \u2013 <img decoding=\"async\" src=\"https:\/\/prensaescrita.org\/wp-content\/uploads\/2025\/03\/deporte.jpg\" alt=\"kansi\"> Urheilu\/Talous<\/div>\n<hr style=\"border: none; height: 2px; background: linear-gradient(to right, transparent, #000, transparent); margin: 20px 0;\">\n<p><\/p>\n<h2 class=\"concss\">Luettelo Cantabrian sanomalehdist\u00e4 ja sanomalehdist\u00e4<\/h2>\n<p><\/p>\n<div class=\"estilo1\">Jos haluat pysy\u00e4 ajan tasalla Cantabrian ajankohtaisista asioista, alueen sanomalehdet ovat erinomainen tietol\u00e4hde. Kantabriassa paikallisella lehdist\u00f6ll\u00e4 on keskeinen rooli yhteis\u00f6\u00e4 kiinnostavien uutisten, raporttien ja artikkeleiden levitt\u00e4misess\u00e4. Cantabrian sanomalehdet k\u00e4sittelev\u00e4t politiikkaan, kulttuuriin, urheiluun, talouteen ja yhteiskuntaan liittyvi\u00e4 kysymyksi\u00e4 ja pit\u00e4v\u00e4t v\u00e4est\u00f6n ajan tasalla alueen t\u00e4rkeimmist\u00e4 tapahtumista. Seuraavasta taulukosta l\u00f6yd\u00e4t luettelon joistakin Kantabrian merkitt\u00e4vimmist\u00e4 sanomalehdist\u00e4, joista jokaisella on oma toimituksellinen linjansa ja informatiivinen l\u00e4hestymistapansa. Kantabrian lehdist\u00f6 tarjoaa laajan valikoiman vaihtoehtoja lukijoidensa mieltymysten tyydytt\u00e4miseksi yleislehdist\u00e4 urheiluun tai kulttuuriin erikoistuneisiin julkaisuihin.   <\/p>\n<p><strong>Cantabrian sanomalehdet<\/strong><\/p>\n<p>| Sanomalehden nimi | Viestin tyyppi |<br \/>\n|\u2014\u2014\u2014\u2014\u2014\u2014\u2014\u2014\u2014|\u2014\u2014\u2014\u2014\u2014\u2014\u2014\u2014|<br \/>\n| El Diario Monta\u00f1\u00e9s | Yleisl\u00e4\u00e4k\u00e4ri |<br \/>\n| H\u00e4lytys | Yleisl\u00e4\u00e4k\u00e4ri |<br \/>\n| Cantabria P\u00e4iv\u00e4 p\u00e4iv\u00e4lt\u00e4 | Yleisl\u00e4\u00e4k\u00e4ri |<br \/>\n| Farad | Digitaalinen |<br \/>\n| La Gaceta de Cantabria | Yleisl\u00e4\u00e4k\u00e4ri |<br \/>\n| Kastilian pohjoisosa | Yleisl\u00e4\u00e4k\u00e4ri |<br \/>\n| Kantabrian ihmiset | Yleisl\u00e4\u00e4k\u00e4ri |<br \/>\n| La Voz de Cantabria | Generalisti |<\/p>\n<p>Pysy ajan tasalla siit\u00e4, mit\u00e4 Kantabriassa tapahtuu, lukemalla n\u00e4it\u00e4 paikallisia sanomalehti\u00e4. Tutustu Cantabrian sanomalehtien tarjoamiin viimeisimpiin uutisiin, haastatteluihin, kronikoihin ja analyyseihin ja seuraa tiiviisti t\u00e4m\u00e4n autonomisen alueen ajankohtaisia asioita Kantabrian lehdist\u00f6n kautta. \u00c4l\u00e4 missaa uutisia ja pysy ajan tasalla kaikesta, mit\u00e4 t\u00e4ll\u00e4 Pohjois-Espanjan alueella tapahtuu!  <\/p>\n<\/div>\n","protected":false},"excerpt":{"rendered":"<p>EL DIARIO MONTA\u00d1\u00c9S Santander eldiariomonta\u00f1es.e&#8230; H\u00c4LYTYS Santander eldiarioalerta.com EL DIARIO CANTABRIA Santander Eldiariocantabria&#8230;. IFOMO Santander ifomo.es CANTABRIA 24 TUNTIA Santander cantabria24horas.c&#8230; CANTABRIAN LIBERAALI Santander Cantabrialiberal.c&#8230; T\u00c4N\u00c4\u00c4N TORRELAVEGA Torrelavega hoytorrelavega.es PALJON CASTROA Castro Urdiales muchocastro.com Yleist\u00e4 \u2013 Urheilu\/Talous Luettelo Cantabrian sanomalehdist\u00e4 ja sanomalehdist\u00e4 Jos haluat pysy\u00e4 ajan tasalla Cantabrian ajankohtaisista asioista, alueen sanomalehdet ovat erinomainen tietol\u00e4hde. &#8230; <a title=\"Kantabrian sanomalehdet ja sanomalehdet\" class=\"read-more\" href=\"https:\/\/prensaescrita.org\/fi\/sanomalehdet-ja-sanomalehdet-espanjassa\/kantabrian-sanomalehdet-ja-sanomalehdet\/\" aria-label=\"Lue lis\u00e4\u00e4 aiheesta Kantabrian sanomalehdet ja sanomalehdet\">Lue lis\u00e4\u00e4<\/a><\/p>\n","protected":false},"author":1,"featured_media":0,"comment_status":"closed","ping_status":"open","sticky":false,"template":"","format":"standard","meta":{"footnotes":""},"categories":[153],"tags":[],"class_list":["post-3520","post","type-post","status-publish","format-standard","hentry","category-sanomalehdet-ja-sanomalehdet-espanjassa","infinite-scroll-item","generate-columns","tablet-grid-50","mobile-grid-100","grid-parent","grid-33"],"_links":{"self":[{"href":"https:\/\/prensaescrita.org\/fi\/wp-json\/wp\/v2\/posts\/3520","targetHints":{"allow":["GET"]}}],"collection":[{"href":"https:\/\/prensaescrita.org\/fi\/wp-json\/wp\/v2\/posts"}],"about":[{"href":"https:\/\/prensaescrita.org\/fi\/wp-json\/wp\/v2\/types\/post"}],"author":[{"embeddable":true,"href":"https:\/\/prensaescrita.org\/fi\/wp-json\/wp\/v2\/users\/1"}],"replies":[{"embeddable":true,"href":"https:\/\/prensaescrita.org\/fi\/wp-json\/wp\/v2\/comments?post=3520"}],"version-history":[{"count":0,"href":"https:\/\/prensaescrita.org\/fi\/wp-json\/wp\/v2\/posts\/3520\/revisions"}],"wp:attachment":[{"href":"https:\/\/prensaescrita.org\/fi\/wp-json\/wp\/v2\/media?parent=3520"}],"wp:term":[{"taxonomy":"category","embeddable":true,"href":"https:\/\/prensaescrita.org\/fi\/wp-json\/wp\/v2\/categories?post=3520"},{"taxonomy":"post_tag","embeddable":true,"href":"https:\/\/prensaescrita.org\/fi\/wp-json\/wp\/v2\/tags?post=3520"}],"curies":[{"name":"wp","href":"https:\/\/api.w.org\/{rel}","templated":true}]}}