{"id":3497,"date":"2025-03-01T09:07:16","date_gmt":"2025-03-01T09:07:16","guid":{"rendered":"https:\/\/prensaescrita.org\/sin-categoria\/la-riojan-sanomalehdet-ja-sanomalehdet-2\/"},"modified":"2025-03-01T09:07:16","modified_gmt":"2025-03-01T09:07:16","slug":"la-riojan-sanomalehdet-ja-sanomalehdet-2","status":"publish","type":"post","link":"https:\/\/prensaescrita.org\/fi\/sanomalehdet-ja-sanomalehdet-espanjassa\/la-riojan-sanomalehdet-ja-sanomalehdet-2\/","title":{"rendered":"La Riojan sanomalehdet ja sanomalehdet"},"content":{"rendered":"<div class=\"box-shadow-light\" style=\"margin-bottom: 30px;\">\n<td width=\"68.5%\" valign=\"top\">\n<table border=\"0\" cellpadding=\"2\" cellspacing=\"0\" bgcolor=\"#ffffff\" width=\"100%\">\n<tbody>\n<tr>\n<td width=\"20\">\n<table border=\"0\" cellspacing=\"1\">\n<tbody>\n<tr>\n<td><img loading=\"lazy\" decoding=\"async\" width=\"13\" height=\"13\" alt=\"N\" src=\"https:\/\/estaticos.prensaescrita.com\/imagenes\/dig-no.jpg\" title=\"DIGITAALINEN EI\"><\/td>\n<\/tr>\n<\/tbody>\n<\/table>\n<\/td>\n<td width=\"150\"><font size=\"3\" face=\"tahoma\"><b>YHDEKS\u00c4N-NELJ\u00c4-YKSI<\/b><\/td>\n<td width=\"94\"><font size=\"3\" face=\"verdana\"><strong>Logro\u00f1o<\/strong><\/td>\n<td width=\"162\"><font size=\"3\" face=\"verdana\"><a rel=\"nofollow noopener\" href=\"https:\/\/www.nuevecuatrouno.com\" target=\"_blank\">nuevecuatrouno.com<\/a><\/td>\n<\/tr>\n<tr>\n<td width=\"20\">\n<table border=\"0\" cellspacing=\"1\">\n<tbody>\n<tr>\n<td><img loading=\"lazy\" decoding=\"async\" width=\"13\" height=\"13\" alt=\"N\" src=\"https:\/\/estaticos.prensaescrita.com\/imagenes\/dig-no.jpg\" title=\"DIGITAALINEN EI\"><\/td>\n<\/tr>\n<\/tbody>\n<\/table>\n<\/td>\n<td width=\"150\"><font size=\"3\" face=\"tahoma\"><b>LA RIOJA<\/b><\/td>\n<td width=\"94\"><font size=\"3\" face=\"verdana\"><strong>Logro\u00f1o<\/strong><\/td>\n<td width=\"162\"><font size=\"3\" face=\"verdana\"><a rel=\"nofollow noopener\" href=\"https:\/\/www.larioja.com\" target=\"_blank\">larioja.com<\/a><\/td>\n<\/tr>\n<tr>\n<td width=\"20\">\n<table border=\"0\" cellspacing=\"1\">\n<tbody>\n<tr>\n<td><img loading=\"lazy\" decoding=\"async\" width=\"13\" height=\"13\" alt=\"N\" src=\"https:\/\/estaticos.prensaescrita.com\/imagenes\/dig-no.jpg\" title=\"DIGITAALINEN EI\"><\/td>\n<\/tr>\n<\/tbody>\n<\/table>\n<\/td>\n<td width=\"150\"><font size=\"3\" face=\"tahoma\"><b>RIOJA2<\/b><\/td>\n<td width=\"94\"><font size=\"3\" face=\"verdana\"><strong>Logro\u00f1o<\/strong><\/td>\n<td width=\"162\"><font size=\"3\" face=\"verdana\"><a rel=\"nofollow noopener\" href=\"https:\/\/www.rioja2.com\" target=\"_blank\">rioja2.com<\/a><\/td>\n<\/tr>\n<tr>\n<td width=\"20\">\n<table border=\"0\" cellspacing=\"1\">\n<tbody>\n<tr>\n<td><img loading=\"lazy\" decoding=\"async\" width=\"13\" height=\"13\" alt=\"N\" src=\"https:\/\/estaticos.prensaescrita.com\/imagenes\/dig-no.jpg\" title=\"DIGITAALINEN EI\"><\/td>\n<\/tr>\n<\/tbody>\n<\/table>\n<\/td>\n<td width=\"150\"><font size=\"3\" face=\"tahoma\"><b>LA RIOJA-P\u00c4IV\u00c4<\/b><\/td>\n<td width=\"94\"><font size=\"3\" face=\"verdana\"><strong>Logro\u00f1o<\/strong><\/td>\n<td width=\"162\"><font size=\"3\" face=\"verdana\"><a rel=\"nofollow noopener\" href=\"https:\/\/www.eldiadelarioja.es\" target=\"_blank\">eldiadelarioja.es<\/a><\/td>\n<\/tr>\n<tr>\n<td width=\"20\">\n<table border=\"0\" cellspacing=\"1\">\n<tbody>\n<tr>\n<td><img loading=\"lazy\" decoding=\"async\" width=\"13\" height=\"13\" alt=\"N\" src=\"https:\/\/estaticos.prensaescrita.com\/imagenes\/dig-no.jpg\" title=\"DIGITAALINEN EI\"><\/td>\n<\/tr>\n<\/tbody>\n<\/table>\n<\/td>\n<td width=\"150\"><font size=\"3\" face=\"tahoma\"><b>NYKYINEN RIOJA<\/b><\/td>\n<td width=\"94\"><font size=\"3\" face=\"verdana\"><strong>Logro\u00f1o<\/strong><\/td>\n<td width=\"162\"><font size=\"3\" face=\"verdana\"><a rel=\"nofollow noopener\" href=\"https:\/\/www.riojaactual.com\" target=\"_blank\">riojaactual.com<\/a><\/td>\n<\/tr>\n<tr>\n<td width=\"20\">\n<table border=\"0\" cellspacing=\"1\">\n<tbody>\n<tr>\n<td><img loading=\"lazy\" decoding=\"async\" width=\"13\" height=\"13\" alt=\"N\" src=\"https:\/\/estaticos.prensaescrita.com\/imagenes\/dig-no.jpg\" title=\"DIGITAALINEN EI\"><\/td>\n<\/tr>\n<\/tbody>\n<\/table>\n<\/td>\n<td width=\"150\"><font size=\"3\" face=\"tahoma\"><b>KOMPASSI<\/b><\/td>\n<td width=\"94\"><font size=\"3\" face=\"verdana\"><strong>Calahorra<\/strong><\/td>\n<td width=\"162\"><font size=\"3\" face=\"verdana\"><a rel=\"nofollow noopener\" href=\"https:\/\/www.labrujulacalahorra.com\" target=\"_blank\">Labrujulacalahorra&#8230;<\/a><\/td>\n<\/tr>\n<tr>\n<td width=\"20\">\n<table border=\"0\" cellspacing=\"1\">\n<tbody>\n<tr>\n<td><img loading=\"lazy\" decoding=\"async\" width=\"13\" height=\"13\" alt=\"N\" src=\"https:\/\/estaticos.prensaescrita.com\/imagenes\/dig-no.jpg\" title=\"DIGITAALINEN EI\"><\/td>\n<\/tr>\n<\/tbody>\n<\/table>\n<\/td>\n<td width=\"150\"><font size=\"3\" face=\"tahoma\"><b>ARNEDO UUTISET<\/b><\/td>\n<td width=\"94\"><font size=\"3\" face=\"verdana\"><strong>Arnedo<\/strong><\/td>\n<td width=\"162\"><font size=\"3\" face=\"verdana\"><a rel=\"nofollow noopener\" href=\"https:\/\/www.noticiasdearnedo.es\" target=\"_blank\">noticiasdearnedo.e&#8230;<\/a><\/td>\n<\/tr>\n<tr>\n<td width=\"20\">\n<table border=\"0\" cellspacing=\"1\">\n<tbody>\n<tr>\n<td><img loading=\"lazy\" decoding=\"async\" width=\"13\" height=\"13\" alt=\"N\" src=\"https:\/\/estaticos.prensaescrita.com\/imagenes\/dig-no.jpg\" title=\"DIGITAALINEN EI\"><\/td>\n<\/tr>\n<\/tbody>\n<\/table>\n<\/td>\n<td width=\"150\"><font size=\"3\" face=\"tahoma\"><b>HARO DIGITAALINEN<\/b><\/td>\n<td width=\"94\"><font size=\"3\" face=\"verdana\"><strong>Haro<\/strong><\/td>\n<td width=\"162\"><font size=\"3\" face=\"verdana\"><a rel=\"nofollow noopener\" href=\"https:\/\/www.harodigital.com\" target=\"_blank\">harodigital.com<\/a><\/td>\n<\/tr>\n<\/tbody>\n<\/table>\n<table width=\"100%\" cellpadding=\"0\" cellspacing=\"0\" border=\"0\">\n<tbody>\n<tr>\n<td>\n<table width=\"100%\">\n<tbody>\n<tr>\n<td>\n<br \/>   <img decoding=\"async\" alt=\"RSS\" src=\"https:\/\/prensaescrita.org\/wp-content\/uploads\/2025\/03\/info.jpg\">  Yleist\u00e4 \u2013 <img decoding=\"async\" alt=\"kansi\" src=\"https:\/\/prensaescrita.org\/wp-content\/uploads\/2025\/03\/deporte.jpg\"> Urheilu\/Talous\n<\/td>\n<\/tr>\n<\/tbody>\n<\/table>\n<\/td>\n<\/tr>\n<\/tbody>\n<\/table>\n<\/td>\n<\/div>\n<p><\/p>\n<hr style=\"border: none; height: 2px; background: linear-gradient(to right, transparent, #000, transparent); margin: 20px 0;\">\n<\/p>\n<h2 class=\"concss\">Luettelo La Riojan sanomalehdist\u00e4 ja sanomalehdist\u00e4<\/h2>\n<p><\/p>\n<div class=\"estilo1\">\nLa Rioja on alue, jolla on runsaasti kulttuuria ja perinteit\u00e4, ja yksi parhaista tavoista pysy\u00e4 ajan tasalla t\u00e4m\u00e4n maakunnan tapahtumista on paikallisten sanomalehtien kautta. La Riojassa sanomalehdill\u00e4 on keskeinen rooli yhteis\u00f6lle merkityksellisten uutisten, tapahtumien ja tapahtumien levitt\u00e4misess\u00e4. <\/p>\n<p><strong>La Riojan sanomalehdet<\/strong> tarjoavat laajan kattavuuden paikallisista, alueellisista ja kansallisista kysymyksist\u00e4 ja tarjoavat lukijoilleen t\u00e4ydellisen ja ajantasaisen n\u00e4kemyksen heit\u00e4 ymp\u00e4r\u00f6iv\u00e4st\u00e4 todellisuudesta. Politiikalle, taloudelle, kulttuurille, urheilulle ja yhteiskunnalle omistettujen osastojen ansiosta n\u00e4ist\u00e4 La Riojan sanomalehdist\u00e4 tulee v\u00e4ltt\u00e4m\u00e4t\u00f6n tietol\u00e4hde sen asukkaille. <\/p>\n<p><strong>La Riojan lehdist\u00f6<\/strong> erottuu edukseen sitoutumisestaan tarjoamansa tiedon totuudenmukaisuuteen ja objektiivisuuteen, mik\u00e4 takaa lukijoilleen sen sis\u00e4ll\u00f6n laadun ja luotettavuuden. Lis\u00e4ksi digitaalisten versioiden ansiosta La Riojan sanomalehdet ovat sopeutuneet uusiin teknologioihin tavoittaakseen laajemman ja monipuolisemman yleis\u00f6n. <\/p>\n<p><strong>La Riojan t\u00e4rkeimpi\u00e4 sanomalehti\u00e4<\/strong> ovat muun muassa El Correo, La Rioja ja Diario La Rioja, jotka ty\u00f6skentelev\u00e4t p\u00e4ivitt\u00e4in pit\u00e4\u00e4kseen v\u00e4est\u00f6n ajan tasalla kaikesta, mit\u00e4 alueella tapahtuu. N\u00e4m\u00e4 tiedotusv\u00e4lineet pyrkiv\u00e4t tarjoamaan kattavaa ja tasapainoista uutisointia t\u00e4rkeimmist\u00e4 tapahtumista ja edist\u00e4v\u00e4t siten demokratian vahvistamista ja tiedonsaantioikeuden k\u00e4ytt\u00f6\u00e4. <\/p>\n<p>Paikallisten sanomalehtien s\u00e4\u00e4nn\u00f6llinen tarkistaminen on tapa pysy\u00e4 ajan tasalla La Riojan tapahtumista ja osallistua aktiivisesti alueen sosiaaliseen ja poliittiseen el\u00e4m\u00e4\u00e4n. La Riojan sanomalehdet ovat ikkuna sen asukkaiden jokap\u00e4iv\u00e4iseen todellisuuteen, heijastavat heid\u00e4n huolenaiheitaan, saavutuksiaan ja haasteitaan ja edist\u00e4v\u00e4t siten tietoisemman ja osallistavamman yhteiskunnan rakentamista.\n<\/p><\/div>\n","protected":false},"excerpt":{"rendered":"<p>YHDEKS\u00c4N-NELJ\u00c4-YKSI Logro\u00f1o nuevecuatrouno.com LA RIOJA Logro\u00f1o larioja.com RIOJA2 Logro\u00f1o rioja2.com LA RIOJA-P\u00c4IV\u00c4 Logro\u00f1o eldiadelarioja.es NYKYINEN RIOJA Logro\u00f1o riojaactual.com KOMPASSI Calahorra Labrujulacalahorra&#8230; ARNEDO UUTISET Arnedo noticiasdearnedo.e&#8230; HARO DIGITAALINEN Haro harodigital.com Yleist\u00e4 \u2013 Urheilu\/Talous Luettelo La Riojan sanomalehdist\u00e4 ja sanomalehdist\u00e4 La Rioja on alue, jolla on runsaasti kulttuuria ja perinteit\u00e4, ja yksi parhaista tavoista pysy\u00e4 ajan tasalla &#8230; <a title=\"La Riojan sanomalehdet ja sanomalehdet\" class=\"read-more\" href=\"https:\/\/prensaescrita.org\/fi\/sanomalehdet-ja-sanomalehdet-espanjassa\/la-riojan-sanomalehdet-ja-sanomalehdet-2\/\" aria-label=\"Lue lis\u00e4\u00e4 aiheesta La Riojan sanomalehdet ja sanomalehdet\">Lue lis\u00e4\u00e4<\/a><\/p>\n","protected":false},"author":1,"featured_media":0,"comment_status":"closed","ping_status":"open","sticky":false,"template":"","format":"standard","meta":{"footnotes":""},"categories":[153],"tags":[],"class_list":["post-3497","post","type-post","status-publish","format-standard","hentry","category-sanomalehdet-ja-sanomalehdet-espanjassa","infinite-scroll-item","generate-columns","tablet-grid-50","mobile-grid-100","grid-parent","grid-33"],"_links":{"self":[{"href":"https:\/\/prensaescrita.org\/fi\/wp-json\/wp\/v2\/posts\/3497","targetHints":{"allow":["GET"]}}],"collection":[{"href":"https:\/\/prensaescrita.org\/fi\/wp-json\/wp\/v2\/posts"}],"about":[{"href":"https:\/\/prensaescrita.org\/fi\/wp-json\/wp\/v2\/types\/post"}],"author":[{"embeddable":true,"href":"https:\/\/prensaescrita.org\/fi\/wp-json\/wp\/v2\/users\/1"}],"replies":[{"embeddable":true,"href":"https:\/\/prensaescrita.org\/fi\/wp-json\/wp\/v2\/comments?post=3497"}],"version-history":[{"count":0,"href":"https:\/\/prensaescrita.org\/fi\/wp-json\/wp\/v2\/posts\/3497\/revisions"}],"wp:attachment":[{"href":"https:\/\/prensaescrita.org\/fi\/wp-json\/wp\/v2\/media?parent=3497"}],"wp:term":[{"taxonomy":"category","embeddable":true,"href":"https:\/\/prensaescrita.org\/fi\/wp-json\/wp\/v2\/categories?post=3497"},{"taxonomy":"post_tag","embeddable":true,"href":"https:\/\/prensaescrita.org\/fi\/wp-json\/wp\/v2\/tags?post=3497"}],"curies":[{"name":"wp","href":"https:\/\/api.w.org\/{rel}","templated":true}]}}