{"id":3487,"date":"2025-03-01T01:03:14","date_gmt":"2025-03-01T01:03:14","guid":{"rendered":"https:\/\/prensaescrita.org\/sin-categoria\/ceutan-ja-melillan-sanomalehdet-ja-sanomalehdet\/"},"modified":"2025-03-01T01:03:14","modified_gmt":"2025-03-01T01:03:14","slug":"ceutan-ja-melillan-sanomalehdet-ja-sanomalehdet","status":"publish","type":"post","link":"https:\/\/prensaescrita.org\/fi\/sanomalehdet-ja-sanomalehdet-espanjassa\/ceutan-ja-melillan-sanomalehdet-ja-sanomalehdet\/","title":{"rendered":"Ceutan ja Melillan sanomalehdet ja sanomalehdet"},"content":{"rendered":"<div class=\"box-shadow-light\" style=\"margin-bottom: 30px;\">\n<table border=\"0\" width=\"100%\" cellspacing=\"0\" cellpadding=\"2\" bgcolor=\"#ffffff\">\n<tbody>\n<tr>\n<td colspan=\"4\" bgcolor=\"#D3DCDC\">\n<h2>Ceuta<\/h2>\n<\/td>\n<\/tr>\n<tr>\n<td width=\"20\">\n<table border=\"0\" cellspacing=\"1\">\n<tbody>\n<tr>\n<td><img loading=\"lazy\" decoding=\"async\" title=\"DIGITAALINEN EI\" src=\"https:\/\/estaticos.prensaescrita.com\/imagenes\/dig-no.jpg\" alt=\"N\" width=\"13\" height=\"13\"><\/td>\n<\/tr>\n<\/tbody>\n<\/table>\n<\/td>\n<td width=\"150\"><span style=\"font-family: tahoma; font-size: medium;\"><b>AJOVALO<\/b><\/span><\/td>\n<td width=\"94\"><span style=\"font-family: verdana; font-size: medium;\"><strong>Ceuta<\/strong><\/span><\/td>\n<td width=\"162\"><span style=\"font-family: verdana; font-size: medium;\"><a href=\"https:\/\/www.elfarodeceuta.es\" target=\"_blank\" rel=\"nofollow noopener\">elfarodeceuta.es<\/a><\/span><\/td>\n<\/tr>\n<tr>\n<td width=\"20\">\n<table border=\"0\" cellspacing=\"1\">\n<tbody>\n<tr>\n<td><img loading=\"lazy\" decoding=\"async\" title=\"DIGITAALINEN EI\" src=\"https:\/\/estaticos.prensaescrita.com\/imagenes\/dig-no.jpg\" alt=\"N\" width=\"13\" height=\"13\"><\/td>\n<\/tr>\n<\/tbody>\n<\/table>\n<\/td>\n<td width=\"150\"><span style=\"font-family: tahoma; font-size: medium;\"><b>CEUTA AJAN TASALLA<\/b><\/span><\/td>\n<td width=\"94\"><span style=\"font-family: verdana; font-size: medium;\"><strong>Ceuta<\/strong><\/span><\/td>\n<td width=\"162\"><span style=\"font-family: verdana; font-size: medium;\"><a href=\"https:\/\/www.ceutaldia.com\" target=\"_blank\" rel=\"nofollow noopener\">ceutaldia.com<\/a><\/span><\/td>\n<\/tr>\n<tr>\n<td width=\"20\">\n<table border=\"0\" cellspacing=\"1\">\n<tbody>\n<tr>\n<td><img loading=\"lazy\" decoding=\"async\" title=\"DIGITAALINEN EI\" src=\"https:\/\/estaticos.prensaescrita.com\/imagenes\/dig-no.jpg\" alt=\"N\" width=\"13\" height=\"13\"><\/td>\n<\/tr>\n<\/tbody>\n<\/table>\n<\/td>\n<td width=\"150\"><span style=\"font-family: tahoma; font-size: medium;\"><b>IHMISET<\/b><\/span><\/td>\n<td width=\"94\"><span style=\"font-family: verdana; font-size: medium;\"><strong>Ceuta<\/strong><\/span><\/td>\n<td width=\"162\"><span style=\"font-family: verdana; font-size: medium;\"><a href=\"https:\/\/www.elpueblodeceuta.es\" target=\"_blank\" rel=\"nofollow noopener\">elpueblodeceuta.es<\/a><\/span><\/td>\n<\/tr>\n<tr>\n<td width=\"20\">\n<table border=\"0\" cellspacing=\"1\">\n<tbody>\n<tr>\n<td><img loading=\"lazy\" decoding=\"async\" title=\"DIGITAALINEN EI\" src=\"https:\/\/estaticos.prensaescrita.com\/imagenes\/dig-no.jpg\" alt=\"N\" width=\"13\" height=\"13\"><\/td>\n<\/tr>\n<\/tbody>\n<\/table>\n<\/td>\n<td width=\"150\"><span style=\"font-family: tahoma; font-size: medium;\"><b>CEUTAN TOTUUS<\/b><\/span><\/td>\n<td width=\"94\"><span style=\"font-family: verdana; font-size: medium;\"><strong>Ceuta<\/strong><\/span><\/td>\n<td width=\"162\"><span style=\"font-family: verdana; font-size: medium;\"><a href=\"https:\/\/www.laverdaddeceuta.com\" target=\"_blank\" rel=\"nofollow noopener\">laverdaddeceuta.co&#8230;<\/a><\/span><\/td>\n<\/tr>\n<tr>\n<td width=\"20\">\n<table border=\"0\" cellspacing=\"1\">\n<tbody>\n<tr>\n<td><img loading=\"lazy\" decoding=\"async\" title=\"DIGITAALINEN EI\" src=\"https:\/\/estaticos.prensaescrita.com\/imagenes\/dig-no.jpg\" alt=\"N\" width=\"13\" height=\"13\"><\/td>\n<\/tr>\n<\/tbody>\n<\/table>\n<\/td>\n<td width=\"150\"><span style=\"font-family: tahoma; font-size: medium;\"><b>CEUTA UUTISET<\/b><\/span><\/td>\n<td width=\"94\"><span style=\"font-family: verdana; font-size: medium;\"><strong>Ceuta<\/strong><\/span><\/td>\n<td width=\"162\"><span style=\"font-family: verdana; font-size: medium;\"><a href=\"https:\/\/www.ceutaactualidad.com\" target=\"_blank\" rel=\"nofollow noopener\">ceutaactualidad.co&#8230;<\/a><\/span><\/td>\n<\/tr>\n<tr>\n<td width=\"20\">\n<table border=\"0\" cellspacing=\"1\">\n<tbody>\n<tr>\n<td><img loading=\"lazy\" decoding=\"async\" title=\"DIGITAALINEN EI\" src=\"https:\/\/estaticos.prensaescrita.com\/imagenes\/dig-no.jpg\" alt=\"N\" width=\"13\" height=\"13\"><\/td>\n<\/tr>\n<\/tbody>\n<\/table>\n<\/td>\n<td width=\"150\"><span style=\"font-family: tahoma; font-size: medium;\"><b>EL PERI\u00d3DICO DE CEUTA<\/b><\/span><\/td>\n<td width=\"94\"><span style=\"font-family: verdana; font-size: medium;\"><strong>Ceuta<\/strong><\/span><\/td>\n<td width=\"162\"><span style=\"font-family: verdana; font-size: medium;\"><a href=\"https:\/\/www.elperiodicodeceuta.es\" target=\"_blank\" rel=\"nofollow noopener\">elperiodicodeceuta&#8230;<\/a><\/span><\/td>\n<\/tr>\n<tr>\n<td colspan=\"4\" bgcolor=\"#D3DCDC\">\n<h2>Melilla<\/h2>\n<\/td>\n<\/tr>\n<tr>\n<td width=\"20\">\n<table border=\"0\" cellspacing=\"1\">\n<tbody>\n<tr>\n<td><img loading=\"lazy\" decoding=\"async\" title=\"DIGITAALINEN EI\" src=\"https:\/\/estaticos.prensaescrita.com\/imagenes\/dig-no.jpg\" alt=\"N\" width=\"13\" height=\"13\"><\/td>\n<\/tr>\n<\/tbody>\n<\/table>\n<\/td>\n<td width=\"150\"><span style=\"font-family: tahoma; font-size: medium;\"><b>AJOVALO<\/b><\/span><\/td>\n<td width=\"94\"><span style=\"font-family: verdana; font-size: medium;\"><strong>Melilla<\/strong><\/span><\/td>\n<td width=\"162\"><span style=\"font-family: verdana; font-size: medium;\"><a href=\"https:\/\/www.elfarodemelilla.es\" target=\"_blank\" rel=\"nofollow noopener\">elfarodemelilla.es<\/a><\/span><\/td>\n<\/tr>\n<tr>\n<td width=\"20\">\n<table border=\"0\" cellspacing=\"1\">\n<tbody>\n<tr>\n<td><img loading=\"lazy\" decoding=\"async\" title=\"DIGITAALINEN EI\" src=\"https:\/\/estaticos.prensaescrita.com\/imagenes\/dig-no.jpg\" alt=\"N\" width=\"13\" height=\"13\"><\/td>\n<\/tr>\n<\/tbody>\n<\/table>\n<\/td>\n<td width=\"150\"><span style=\"font-family: tahoma; font-size: medium;\"><b>TWIN T\u00c4N\u00c4\u00c4N<\/b><\/span><\/td>\n<td width=\"94\"><span style=\"font-family: verdana; font-size: medium;\"><strong>Melilla<\/strong><\/span><\/td>\n<td width=\"162\"><span style=\"font-family: verdana; font-size: medium;\"><a href=\"https:\/\/www.melillahoy.es\" target=\"_blank\" rel=\"nofollow noopener\">melillahoy.es<\/a><\/span><\/td>\n<\/tr>\n<\/tbody>\n<\/table>\n<p><img decoding=\"async\" src=\"https:\/\/prensaescrita.org\/wp-content\/uploads\/2025\/03\/info.jpg\" alt=\"RSS\">  Yleist\u00e4 \u2013 <img decoding=\"async\" src=\"https:\/\/prensaescrita.org\/wp-content\/uploads\/2025\/03\/deporte.jpg\" alt=\"kansi\"> Urheilu\/Talous<\/div>\n<hr style=\"border: none; height: 2px; background: linear-gradient(to right, transparent, #000, transparent); margin: 20px 0;\">\n<p><\/p>\n<h2 class=\"concss\">Luettelo Ceutan ja Melillan sanomalehdist\u00e4 ja sanomalehdist\u00e4<\/h2>\n<p><\/p>\n<div class=\"estilo1\">Jos etsit ajantasaista tietoa Ceutan ja Melillan sanomalehdist\u00e4, olet tullut oikeaan paikkaan. T\u00e4st\u00e4 taulukosta l\u00f6yd\u00e4t t\u00e4ydellisen luettelon Ceutan ja Melillan sanomalehdist\u00e4 sek\u00e4 Ceutan ja Melillan merkitt\u00e4vimmist\u00e4 lehdist\u00e4 nyky\u00e4\u00e4n. Ceutassa tunnetuimpia sanomalehti\u00e4 ovat El Faro de Ceuta, sanomalehti, jolla on pitk\u00e4 historia alueella ja joka on vakiinnuttanut asemansa luotettavana paikallisen tiedon l\u00e4hteen\u00e4. Toinen t\u00e4rke\u00e4 sanomalehti kaupungissa on ABC de Ceuta, joka tarjoaa kattavan kattavuuden alueen t\u00e4rkeimmist\u00e4 tapahtumista.  <\/p>\n<p>Melillassa erottuvat sanomalehdet, kuten El Telegrama de Melilla, media, joka on ansainnut lukijoidensa luottamuksen journalistisella kurinalaisuudellaan ja totuuteen sitoutumisellaan. Toinen t\u00e4rke\u00e4 sanomalehti kaupungissa on Melilla Hoy, joka on asemoinut itsens\u00e4 paikallisen lehdist\u00f6n referenssiksi kattamalla alueen t\u00e4rkeimm\u00e4t tapahtumat. <\/p>\n<p>N\u00e4iden sanomalehtien lis\u00e4ksi Ceutasta ja Melillasta l\u00f6ytyy my\u00f6s digitaalisia julkaisuja, jotka ovat saamassa yh\u00e4 enemm\u00e4n merkityst\u00e4 mediaymp\u00e4rist\u00f6ss\u00e4. Mediat, kuten Ceuta Actualidad tai Melilla Digital, tarjoavat ketteri\u00e4 ja p\u00e4ivitettyj\u00e4 paikallisia uutisia ja mukautuvat uutisten kulutuksen uusiin trendeihin. <\/p>\n<p>Yhteenvetona voidaan todeta, ett\u00e4 Ceutan ja Melillan lehdist\u00f6 on monipuolinen ja monipuolinen, ja se tarjoaa kansalaisille laajan valikoiman vaihtoehtoja pysy\u00e4 ajan tasalla siit\u00e4, mit\u00e4 heid\u00e4n kaupungeissaan tapahtuu. Olipa kyse perinteisist\u00e4 sanomalehdist\u00e4 tai digitaalisesta mediasta, tieto on kaikkien saatavilla n\u00e4ill\u00e4 kahdella Espanjan alueella. <\/p>\n<\/div>\n","protected":false},"excerpt":{"rendered":"<p>Ceuta AJOVALO Ceuta elfarodeceuta.es CEUTA AJAN TASALLA Ceuta ceutaldia.com IHMISET Ceuta elpueblodeceuta.es CEUTAN TOTUUS Ceuta laverdaddeceuta.co&#8230; CEUTA UUTISET Ceuta ceutaactualidad.co&#8230; EL PERI\u00d3DICO DE CEUTA Ceuta elperiodicodeceuta&#8230; Melilla AJOVALO Melilla elfarodemelilla.es TWIN T\u00c4N\u00c4\u00c4N Melilla melillahoy.es Yleist\u00e4 \u2013 Urheilu\/Talous Luettelo Ceutan ja Melillan sanomalehdist\u00e4 ja sanomalehdist\u00e4 Jos etsit ajantasaista tietoa Ceutan ja Melillan sanomalehdist\u00e4, olet tullut oikeaan &#8230; <a title=\"Ceutan ja Melillan sanomalehdet ja sanomalehdet\" class=\"read-more\" href=\"https:\/\/prensaescrita.org\/fi\/sanomalehdet-ja-sanomalehdet-espanjassa\/ceutan-ja-melillan-sanomalehdet-ja-sanomalehdet\/\" aria-label=\"Lue lis\u00e4\u00e4 aiheesta Ceutan ja Melillan sanomalehdet ja sanomalehdet\">Lue lis\u00e4\u00e4<\/a><\/p>\n","protected":false},"author":1,"featured_media":0,"comment_status":"closed","ping_status":"open","sticky":false,"template":"","format":"standard","meta":{"footnotes":""},"categories":[153],"tags":[],"class_list":["post-3487","post","type-post","status-publish","format-standard","hentry","category-sanomalehdet-ja-sanomalehdet-espanjassa","infinite-scroll-item","generate-columns","tablet-grid-50","mobile-grid-100","grid-parent","grid-33"],"_links":{"self":[{"href":"https:\/\/prensaescrita.org\/fi\/wp-json\/wp\/v2\/posts\/3487","targetHints":{"allow":["GET"]}}],"collection":[{"href":"https:\/\/prensaescrita.org\/fi\/wp-json\/wp\/v2\/posts"}],"about":[{"href":"https:\/\/prensaescrita.org\/fi\/wp-json\/wp\/v2\/types\/post"}],"author":[{"embeddable":true,"href":"https:\/\/prensaescrita.org\/fi\/wp-json\/wp\/v2\/users\/1"}],"replies":[{"embeddable":true,"href":"https:\/\/prensaescrita.org\/fi\/wp-json\/wp\/v2\/comments?post=3487"}],"version-history":[{"count":0,"href":"https:\/\/prensaescrita.org\/fi\/wp-json\/wp\/v2\/posts\/3487\/revisions"}],"wp:attachment":[{"href":"https:\/\/prensaescrita.org\/fi\/wp-json\/wp\/v2\/media?parent=3487"}],"wp:term":[{"taxonomy":"category","embeddable":true,"href":"https:\/\/prensaescrita.org\/fi\/wp-json\/wp\/v2\/categories?post=3487"},{"taxonomy":"post_tag","embeddable":true,"href":"https:\/\/prensaescrita.org\/fi\/wp-json\/wp\/v2\/tags?post=3487"}],"curies":[{"name":"wp","href":"https:\/\/api.w.org\/{rel}","templated":true}]}}