{"id":3318,"date":"2025-03-03T17:34:11","date_gmt":"2025-03-03T17:34:11","guid":{"rendered":"https:\/\/prensaescrita.org\/sin-categoria\/sanomalehdet-ja-sanomalehdet-andorrassa\/"},"modified":"2025-03-18T12:14:12","modified_gmt":"2025-03-18T12:14:12","slug":"sanomalehdet-ja-sanomalehdet-andorrassa","status":"publish","type":"post","link":"https:\/\/prensaescrita.org\/fi\/euroopassa\/sanomalehdet-ja-sanomalehdet-andorrassa\/","title":{"rendered":"Sanomalehdet ja sanomalehdet Andorrassa"},"content":{"rendered":"<div class=\"box-shadow-light\" style=\"margin-bottom: 30px;\">\n<table border=\"0\" width=\"100%\" cellspacing=\"0\" cellpadding=\"2\" bgcolor=\"#ffffff\">\n<tbody>\n<tr>\n<td width=\"20\">\n<table border=\"0\" cellspacing=\"1\">\n<tbody>\n<tr>\n<td><img loading=\"lazy\" decoding=\"async\" title=\"DIGITAALINEN EI\" src=\"https:\/\/estaticos.prensaescrita.com\/imagenes\/dig-no.jpg\" alt=\"N\" width=\"13\" height=\"13\"><\/td>\n<\/tr>\n<\/tbody>\n<\/table>\n<\/td>\n<td width=\"150\"><span style=\"font-family: tahoma; font-size: medium;\"><b>DIARI D\u2019ANDORRA<\/b><\/span><\/td>\n<td width=\"94\"><span style=\"font-family: verdana; font-size: medium;\"><strong>Andorra la Vella<\/strong><\/span><\/td>\n<td width=\"162\"><span style=\"font-family: verdana; font-size: medium;\"><a href=\"https:\/\/www.diariandorra.ad\" target=\"_blank\" rel=\"nofollow noopener\">diariandorra.ad<\/a><\/span><\/td>\n<\/tr>\n<tr>\n<td width=\"20\">\n<table border=\"0\" cellspacing=\"1\">\n<tbody>\n<tr>\n<td><img loading=\"lazy\" decoding=\"async\" title=\"DIGITAALINEN EI\" src=\"https:\/\/estaticos.prensaescrita.com\/imagenes\/dig-no.jpg\" alt=\"N\" width=\"13\" height=\"13\"><\/td>\n<\/tr>\n<\/tbody>\n<\/table>\n<\/td>\n<td width=\"150\"><span style=\"font-family: tahoma; font-size: medium;\"><b>ANDORRAN SANOMALEHTI<\/b><\/span><\/td>\n<td width=\"94\"><span style=\"font-family: verdana; font-size: medium;\"><strong>Andorra la Vella<\/strong><\/span><\/td>\n<td width=\"162\"><span style=\"font-family: verdana; font-size: medium;\"><a href=\"https:\/\/www.elperiodic.ad\" target=\"_blank\" rel=\"nofollow noopener\">elperiodic.ad<\/a><\/span><\/td>\n<\/tr>\n<tr>\n<td width=\"20\">\n<table border=\"0\" cellspacing=\"1\">\n<tbody>\n<tr>\n<td><img loading=\"lazy\" decoding=\"async\" title=\"DIGITAALINEN EI\" src=\"https:\/\/estaticos.prensaescrita.com\/imagenes\/dig-no.jpg\" alt=\"N\" width=\"13\" height=\"13\"><\/td>\n<\/tr>\n<\/tbody>\n<\/table>\n<\/td>\n<td width=\"150\"><span style=\"font-family: tahoma; font-size: medium;\"><b>BONDIA<\/b><\/span><\/td>\n<td width=\"94\"><span style=\"font-family: verdana; font-size: medium;\"><strong>Andorra la Vella<\/strong><\/span><\/td>\n<td width=\"162\"><span style=\"font-family: verdana; font-size: medium;\"><a href=\"https:\/\/www.bondia.ad\" target=\"_blank\" rel=\"nofollow noopener\">bondia.ad<\/a><\/span><\/td>\n<\/tr>\n<tr>\n<td width=\"20\">\n<table border=\"0\" cellspacing=\"1\">\n<tbody>\n<tr>\n<td><img loading=\"lazy\" decoding=\"async\" title=\"DIGITAALINEN KYLL\u00c4\" src=\"https:\/\/prensaescrita.org\/wp-content\/uploads\/2025\/03\/deporte.jpg\" alt=\"S\" width=\"13\" height=\"13\"><\/td>\n<\/tr>\n<\/tbody>\n<\/table>\n<\/td>\n<td width=\"150\"><span style=\"font-family: tahoma; font-size: medium;\"><b>ARA ANDORRA<\/b><\/span><\/td>\n<td width=\"94\"><span style=\"font-family: verdana; font-size: medium;\"><strong>Andorra la Vella<\/strong><\/span><\/td>\n<td width=\"162\"><span style=\"font-family: verdana; font-size: medium;\"><a href=\"https:\/\/www.ara.ad\" target=\"_blank\" rel=\"nofollow noopener\">ara.ad<\/a><\/span><\/td>\n<\/tr>\n<tr>\n<td width=\"20\">\n<table border=\"0\" cellspacing=\"1\">\n<tbody>\n<tr>\n<td><img loading=\"lazy\" decoding=\"async\" title=\"DIGITAALINEN KYLL\u00c4\" src=\"https:\/\/prensaescrita.org\/wp-content\/uploads\/2025\/03\/deporte.jpg\" alt=\"S\" width=\"13\" height=\"13\"><\/td>\n<\/tr>\n<\/tbody>\n<\/table>\n<\/td>\n<td width=\"150\"><span style=\"font-family: tahoma; font-size: medium;\"><b>ALTAVEU<\/b><\/span><\/td>\n<td width=\"94\"><span style=\"font-family: verdana; font-size: medium;\"><strong>Andorra la Vella<\/strong><\/span><\/td>\n<td width=\"162\"><span style=\"font-family: verdana; font-size: medium;\"><a href=\"https:\/\/www.altaveu.com\" target=\"_blank\" rel=\"nofollow noopener\">altaveu.com<\/a><\/span><\/td>\n<\/tr>\n<\/tbody>\n<\/table>\n<p><img decoding=\"async\" src=\"https:\/\/prensaescrita.org\/wp-content\/uploads\/2025\/03\/info.jpg\" alt=\"RSS\">  Yleist\u00e4 \u2013 <img decoding=\"async\" src=\"https:\/\/prensaescrita.org\/wp-content\/uploads\/2025\/03\/deporte.jpg\" alt=\"kansi\"> Urheilu\/Talous<\/div>\n<hr style=\"border: none; height: 2px; background: linear-gradient(to right, transparent, #000, transparent); margin: 20px 0;\">\n<p><\/p>\n<h2 class=\"concss\">Luettelo Andorran sanomalehdist\u00e4 ja sanomalehdist\u00e4<\/h2>\n<p><\/p>\n<div class=\"estilo1\">T\u00e4st\u00e4 tilasta l\u00f6yd\u00e4t koosteen Andorran t\u00e4rkeimmist\u00e4 sanomalehdist\u00e4, jotka ovat t\u00e4rke\u00e4 ty\u00f6kalu pysy\u00e4 ajan tasalla t\u00e4m\u00e4n pienen mutta elinvoimaisen Euroopan maan t\u00e4rkeimmist\u00e4 tapahtumista ja uutisista. Andorran sanomalehdet ovat olennainen tietol\u00e4hde t\u00e4m\u00e4n Espanjan ja Ranskan v\u00e4lisen erillisalueen poliittisen, taloudellisen ja sosiaalisen el\u00e4m\u00e4n ymm\u00e4rt\u00e4miseksi.Andorran sanomalehdet ovat sekoitus journalistisia tyylej\u00e4, jotka heijastavat maan rikasta kulttuurista ja kielellist\u00e4 monimuotoisuutta. Andorran lehdist\u00f6 julkaisee katalaanin-, espanjan-, ranskan- ja englanninkielisi\u00e4 julkaisuja, ja se tarjoaa ainutlaatuisen n\u00e4kemyksen paikallisista ja kansainv\u00e4lisist\u00e4 uutisista. Olitpa kiinnostunut paikallispolitiikasta, matkailusta, urheilusta tai kulttuurista, n\u00e4m\u00e4 sanomalehdet tarjoavat laajan valikoiman uutisointia ja analyyseja kaikkiin tietotarpeisiisi.   <\/p>\n<p>Andorran lehdist\u00f6n rooli ei rajoitu tiedottamiseen. Sill\u00e4 on my\u00f6s ratkaiseva rooli mielipiteiden muodostamisessa ja julkisen keskustelun tilan luomisessa. Andorralaisten sanomalehtien p\u00e4\u00e4kirjoitukset ja mielipidepalstat synnytt\u00e4v\u00e4t usein rikastuttavia keskusteluja, jotka edist\u00e4v\u00e4t tietoisen ja osallistavan yhteiskunnan kehittymist\u00e4.  <\/p>\n<p>Lis\u00e4ksi Andorran sanomalehdet ovat my\u00f6s t\u00e4rke\u00e4 foorumi paikallisille yrityksille. Sanomalehdiss\u00e4 ja uutissivustoissa mainostamalla yritykset voivat tavoittaa laajan yleis\u00f6n asukkaita ja turisteja. T\u00e4ll\u00e4 tavoin Andorran sanomalehdet edist\u00e4v\u00e4t my\u00f6s paikallista taloutta, tukevat yrityksi\u00e4 ja tarjoavat samalla arvokasta tietoa kuluttajille.  <\/p>\n<p>Perinteisimmist\u00e4 sanomalehdist\u00e4 nykyaikaisimpiin verkkojulkaisuihin, Andorran sanomalehtitaulukkomme kattaa laajan valikoiman uutisl\u00e4hteit\u00e4. Halusitpa sitten sanomalehtipaperin kosketuksen aamukahvin kanssa tai nauttia digitaalisista uutisista liikkeell\u00e4 ollessasi, Andorran sanomalehtien luettelostamme l\u00f6ytyy jokaiselle jotakin. <\/p>\n<p>Andorran sanomalehdet eiv\u00e4t kuitenkaan ole vain paikallisia varten. Ne ovat my\u00f6s arvokas ty\u00f6kalu matkailijoille ja niille, jotka suunnittelevat vierailua maahan. Ne tarjoavat kurkistuksen Andorran el\u00e4m\u00e4\u00e4n, ja niiss\u00e4 on kulttuurille, viihteelle ja paikallisille tapahtumille omistettuja osioita. N\u00e4in ollen Andorran p\u00e4iv\u00e4kirjat voivat auttaa sinua suunnittelemaan vierailuasi ja varmistamaan, ettet menet\u00e4 mit\u00e4\u00e4n majoittumisesi aikana.   <\/p>\n<p>Lyhyesti sanottuna Andorran lehdist\u00f6 on t\u00e4rke\u00e4 osa Andorran yhteiskuntaa, ja se tarjoaa uutisia, analyyseja, mainontaa ja tilaa julkiselle keskustelulle. Olitpa paikallinen, turisti tai vain Andorrasta kiinnostunut, Andorran sanomalehtitaulukkomme auttaa sinua l\u00f6yt\u00e4m\u00e4\u00e4n sinulle t\u00e4ydellisen uutisl\u00e4hteen. <\/p>\n<\/div>\n","protected":false},"excerpt":{"rendered":"<p>DIARI D\u2019ANDORRA Andorra la Vella diariandorra.ad ANDORRAN SANOMALEHTI Andorra la Vella elperiodic.ad BONDIA Andorra la Vella bondia.ad ARA ANDORRA Andorra la Vella ara.ad ALTAVEU Andorra la Vella altaveu.com Yleist\u00e4 \u2013 Urheilu\/Talous Luettelo Andorran sanomalehdist\u00e4 ja sanomalehdist\u00e4 T\u00e4st\u00e4 tilasta l\u00f6yd\u00e4t koosteen Andorran t\u00e4rkeimmist\u00e4 sanomalehdist\u00e4, jotka ovat t\u00e4rke\u00e4 ty\u00f6kalu pysy\u00e4 ajan tasalla t\u00e4m\u00e4n pienen mutta elinvoimaisen Euroopan &#8230; <a title=\"Sanomalehdet ja sanomalehdet Andorrassa\" class=\"read-more\" href=\"https:\/\/prensaescrita.org\/fi\/euroopassa\/sanomalehdet-ja-sanomalehdet-andorrassa\/\" aria-label=\"Lue lis\u00e4\u00e4 aiheesta Sanomalehdet ja sanomalehdet Andorrassa\">Lue lis\u00e4\u00e4<\/a><\/p>\n","protected":false},"author":1,"featured_media":0,"comment_status":"closed","ping_status":"open","sticky":false,"template":"","format":"standard","meta":{"footnotes":""},"categories":[173],"tags":[],"class_list":["post-3318","post","type-post","status-publish","format-standard","hentry","category-euroopassa","infinite-scroll-item","generate-columns","tablet-grid-50","mobile-grid-100","grid-parent","grid-33"],"_links":{"self":[{"href":"https:\/\/prensaescrita.org\/fi\/wp-json\/wp\/v2\/posts\/3318","targetHints":{"allow":["GET"]}}],"collection":[{"href":"https:\/\/prensaescrita.org\/fi\/wp-json\/wp\/v2\/posts"}],"about":[{"href":"https:\/\/prensaescrita.org\/fi\/wp-json\/wp\/v2\/types\/post"}],"author":[{"embeddable":true,"href":"https:\/\/prensaescrita.org\/fi\/wp-json\/wp\/v2\/users\/1"}],"replies":[{"embeddable":true,"href":"https:\/\/prensaescrita.org\/fi\/wp-json\/wp\/v2\/comments?post=3318"}],"version-history":[{"count":1,"href":"https:\/\/prensaescrita.org\/fi\/wp-json\/wp\/v2\/posts\/3318\/revisions"}],"predecessor-version":[{"id":4362,"href":"https:\/\/prensaescrita.org\/fi\/wp-json\/wp\/v2\/posts\/3318\/revisions\/4362"}],"wp:attachment":[{"href":"https:\/\/prensaescrita.org\/fi\/wp-json\/wp\/v2\/media?parent=3318"}],"wp:term":[{"taxonomy":"category","embeddable":true,"href":"https:\/\/prensaescrita.org\/fi\/wp-json\/wp\/v2\/categories?post=3318"},{"taxonomy":"post_tag","embeddable":true,"href":"https:\/\/prensaescrita.org\/fi\/wp-json\/wp\/v2\/tags?post=3318"}],"curies":[{"name":"wp","href":"https:\/\/api.w.org\/{rel}","templated":true}]}}