{"id":3305,"date":"2025-03-03T17:32:06","date_gmt":"2025-03-03T17:32:06","guid":{"rendered":"https:\/\/prensaescrita.org\/sin-categoria\/sanomalehdet-ja-sanomalehdet-sveitsissa\/"},"modified":"2025-03-18T12:14:06","modified_gmt":"2025-03-18T12:14:06","slug":"sanomalehdet-ja-sanomalehdet-sveitsissa","status":"publish","type":"post","link":"https:\/\/prensaescrita.org\/fi\/euroopassa\/sanomalehdet-ja-sanomalehdet-sveitsissa\/","title":{"rendered":"Sanomalehdet ja sanomalehdet Sveitsiss\u00e4"},"content":{"rendered":"<div class=\"prensa-grid-container\"><div class=\"prensa-row\" itemscope itemtype=\"https:\/\/schema.org\/Organization\">  <div class=\"prensa-col-icon\"><img src=\"https:\/\/prensaescrita.org\/wp-content\/uploads\/2025\/03\/info.jpg\" alt=\"Diario\" width=\"13\" height=\"13\"><\/div>  <div class=\"prensa-col-name\" itemprop=\"name\"><strong>NEUE Z\u00dcRCHER ZEITUNG<\/strong><\/div>  <div class=\"prensa-col-place\">Z\u00fcrich<\/div>  <div class=\"prensa-col-url\"><a href=\"http:\/\/www.nzz.ch\" target=\"_blank\" rel=\"nofollow noopener\" itemprop=\"url\">nzz.ch<\/a><\/div><\/div><div class=\"prensa-row\" itemscope itemtype=\"https:\/\/schema.org\/Organization\">  <div class=\"prensa-col-icon\"><img src=\"https:\/\/prensaescrita.org\/wp-content\/uploads\/2025\/03\/info.jpg\" alt=\"Diario\" width=\"13\" height=\"13\"><\/div>  <div class=\"prensa-col-name\" itemprop=\"name\"><strong>BLICK<\/strong><\/div>  <div class=\"prensa-col-place\">Z\u00fcrich<\/div>  <div class=\"prensa-col-url\"><a href=\"http:\/\/www.blick.ch\" target=\"_blank\" rel=\"nofollow noopener\" itemprop=\"url\">blick.ch<\/a><\/div><\/div><div class=\"prensa-row\" itemscope itemtype=\"https:\/\/schema.org\/Organization\">  <div class=\"prensa-col-icon\"><img src=\"https:\/\/prensaescrita.org\/wp-content\/uploads\/2025\/03\/info.jpg\" alt=\"Diario\" width=\"13\" height=\"13\"><\/div>  <div class=\"prensa-col-name\" itemprop=\"name\"><strong>TAGES ANZEIGER<\/strong><\/div>  <div class=\"prensa-col-place\">Z\u00fcrich<\/div>  <div class=\"prensa-col-url\"><a href=\"http:\/\/www.tagesanzeiger.ch\" target=\"_blank\" rel=\"nofollow noopener\" itemprop=\"url\">tagesanzeiger.ch<\/a><\/div><\/div><div class=\"prensa-row\" itemscope itemtype=\"https:\/\/schema.org\/Organization\">  <div class=\"prensa-col-icon\"><img src=\"https:\/\/prensaescrita.org\/wp-content\/uploads\/2025\/03\/info.jpg\" alt=\"Diario\" width=\"13\" height=\"13\"><\/div>  <div class=\"prensa-col-name\" itemprop=\"name\"><strong>20 MINUUTTIA<\/strong><\/div>  <div class=\"prensa-col-place\">Z\u00fcrich<\/div>  <div class=\"prensa-col-url\"><a href=\"http:\/\/www.20min.ch\" target=\"_blank\" rel=\"nofollow noopener\" itemprop=\"url\">20min.ch<\/a><\/div><\/div><div class=\"prensa-row\" itemscope itemtype=\"https:\/\/schema.org\/Organization\">  <div class=\"prensa-col-icon\"><img src=\"https:\/\/prensaescrita.org\/wp-content\/uploads\/2025\/03\/info.jpg\" alt=\"Diario\" width=\"13\" height=\"13\"><\/div>  <div class=\"prensa-col-name\" itemprop=\"name\"><strong>BERNER ZEITUNG<\/strong><\/div>  <div class=\"prensa-col-place\">Bern<\/div>  <div class=\"prensa-col-url\"><a href=\"http:\/\/www.bernerzeitung.ch\" target=\"_blank\" rel=\"nofollow noopener\" itemprop=\"url\">bernerzeitung.ch<\/a><\/div><\/div><div class=\"prensa-row\" itemscope itemtype=\"https:\/\/schema.org\/Organization\">  <div class=\"prensa-col-icon\"><img src=\"https:\/\/prensaescrita.org\/wp-content\/uploads\/2025\/03\/info.jpg\" alt=\"Diario\" width=\"13\" height=\"13\"><\/div>  <div class=\"prensa-col-name\" itemprop=\"name\"><strong>BASLER ZEITUNG<\/strong><\/div>  <div class=\"prensa-col-place\">Basel<\/div>  <div class=\"prensa-col-url\"><a href=\"https:\/\/www.bazonline.ch\" target=\"_blank\" rel=\"nofollow noopener\" itemprop=\"url\">bazonline.ch<\/a><\/div><\/div><div class=\"prensa-row\" itemscope itemtype=\"https:\/\/schema.org\/Organization\">  <div class=\"prensa-col-icon\"><img src=\"https:\/\/prensaescrita.org\/wp-content\/uploads\/2025\/03\/info.jpg\" alt=\"Diario\" width=\"13\" height=\"13\"><\/div>  <div class=\"prensa-col-name\" itemprop=\"name\"><strong>AARGAUER ZEITUNG<\/strong><\/div>  <div class=\"prensa-col-place\">Aarau<\/div>  <div class=\"prensa-col-url\"><a href=\"http:\/\/www.aargauerzeitung.ch\" target=\"_blank\" rel=\"nofollow noopener\" itemprop=\"url\">aargauerzeitung.ch<\/a><\/div><\/div><\/div>\n<hr style=\"border: none; height: 2px; background: linear-gradient(to right, transparent, #000, transparent); margin: 20px 0;\">\n<p><\/p>\n<h2 class=\"concss\">Luettelo Sveitsin sanomalehdist\u00e4 ja sanomalehdist\u00e4<\/h2>\n<p><\/p>\n<div class=\"estilo1\">Sveitsin sanomalehdet ovat t\u00e4rke\u00e4 uutisten ja p\u00e4ivitysten l\u00e4hde maan kansalaisille ja niille, jotka ovat kiinnostuneita t\u00e4m\u00e4n Euroopan maan tapahtumista. Sveitsi, joka tunnetaan puolueettomuudestaan, kellojensa tarkkuudesta ja suklaansa laadusta, on tunnettu my\u00f6s vapaasta ja monipuolisesta lehdist\u00f6st\u00e4\u00e4n. Maassa on suuri m\u00e4\u00e4r\u00e4 sanoma- ja aikakauslehti\u00e4, jotka k\u00e4sittelev\u00e4t monenlaisia aiheita politiikasta ja taloudesta urheiluun ja kulttuuriin. T\u00e4ll\u00e4 sivulla esittelemme sinulle taulukon, joka sis\u00e4lt\u00e4\u00e4 luettelon Sveitsin t\u00e4rkeimmist\u00e4 sanomalehdist\u00e4.Sveitsin sanomalehtiin tutustuminen tarjoaa ainutlaatuisen k\u00e4sityksen Sveitsin yhteiskunnasta, sen poliittisesta j\u00e4rjestelm\u00e4st\u00e4 ja sen taloudellisista huolenaiheista. Lis\u00e4ksi monilla n\u00e4ist\u00e4 sanomalehdist\u00e4 on pitk\u00e4 historia ja perinteet, jotka heijastavat maan kehityst\u00e4 vuosien varrella. Joillakin Sveitsin sanomalehdill\u00e4 on valtakunnallinen levikki, kun taas toiset keskittyv\u00e4t alueellisiin uutisiin, mik\u00e4 tuo lukijoille paikallisemman ja l\u00e4heisemm\u00e4n n\u00e4k\u00f6kulman.     <\/p>\n<p>Sveitsin lehdist\u00f6 tunnetaan objektiivisuudestaan ja journalistisesta kurinalaisuudestaan. Sveitsil\u00e4isi\u00e4 toimittajia kehutaan usein heid\u00e4n kyvyst\u00e4\u00e4n raportoida oikeudenmukaisesti ja tasapainoisesti lankeamatta sensaatiohakuisuuteen. T\u00e4m\u00e4 sitoutuminen totuudenmukaisuuteen ja tarkkuuteen heijastuu lukijoiden luottamuksessa sveitsil\u00e4iseen mediaan.  <\/p>\n<p>Sveitsil\u00e4inen journalismi on kielelt\u00e4\u00e4n ja n\u00e4k\u00f6kulmiltaan monipuolinen. Sveitsin nelj\u00e4n virallisen kielen (saksa, ranska, italia ja romaaninen) kielellisen monimuotoisuuden vuoksi monet maan sanomalehdet ilmestyv\u00e4t eri kielill\u00e4. N\u00e4in eri kielialueiden lukijat voivat pysy\u00e4 ajan tasalla ja pysy\u00e4 ajan tasalla siit\u00e4, mit\u00e4 eri puolilla maata tapahtuu.  <\/p>\n<p>Painettujen sanomalehtien lis\u00e4ksi monilla sveitsil\u00e4isill\u00e4 sanomalehdill\u00e4 on my\u00f6s l\u00e4sn\u00e4olo verkossa, jolloin lukijat ymp\u00e4ri maailmaa p\u00e4\u00e4sev\u00e4t k\u00e4siksi uutisiin ja analyyseihin. Etsitp\u00e4 sitten viimeisimpi\u00e4 poliittisia uutisia, urheilutuloksia, kulttuuritrendej\u00e4 tai talousp\u00e4ivityksi\u00e4, Sveitsin lehdist\u00f6ll\u00e4 on jotain tarjottavaa. <\/p>\n<p>Luettelomme Sveitsin sanomalehdist\u00e4 on korvaamaton ty\u00f6kalu niille, jotka haluavat ymm\u00e4rt\u00e4\u00e4 t\u00e4t\u00e4 maata, joka on rikas historialtaan ja kulttuuriltaan. Tutkimalla eri medioita saat t\u00e4ydellisen ja monipuolisen kuvan Sveitsist\u00e4, sen ihmisist\u00e4 ja heille t\u00e4rkeist\u00e4 aiheista. Olitpa Sveitsiss\u00e4 tai miss\u00e4 p\u00e4in maailmaa tahansa, uppoutuminen sveitsil\u00e4isten sanomalehtien lukemiseen tuo sinut l\u00e4hemm\u00e4ksi t\u00e4m\u00e4n kiehtovan maan todellisuutta.  <\/p>\n<\/div>\n","protected":false},"excerpt":{"rendered":"<p>NEUE Z\u00dcRCHER ZEITUNG Z\u00fcrich nzz.ch BLICK Z\u00fcrich blick.ch TAGES ANZEIGER Z\u00fcrich tagesanzeiger.ch 20 MINUUTTIA Z\u00fcrich 20min.ch BERNER ZEITUNG Bern bernerzeitung.ch BASLER ZEITUNG Basel bazonline.ch AARGAUER ZEITUNG Aarau aargauerzeitung.ch Luettelo Sveitsin sanomalehdist\u00e4 ja sanomalehdist\u00e4 Sveitsin sanomalehdet ovat t\u00e4rke\u00e4 uutisten ja p\u00e4ivitysten l\u00e4hde maan kansalaisille ja niille, jotka ovat kiinnostuneita t\u00e4m\u00e4n Euroopan maan tapahtumista. Sveitsi, joka tunnetaan &#8230; <a title=\"Sanomalehdet ja sanomalehdet Sveitsiss\u00e4\" class=\"read-more\" href=\"https:\/\/prensaescrita.org\/fi\/euroopassa\/sanomalehdet-ja-sanomalehdet-sveitsissa\/\" aria-label=\"Lue lis\u00e4\u00e4 aiheesta Sanomalehdet ja sanomalehdet Sveitsiss\u00e4\">Lue lis\u00e4\u00e4<\/a><\/p>\n","protected":false},"author":1,"featured_media":0,"comment_status":"closed","ping_status":"open","sticky":false,"template":"","format":"standard","meta":{"footnotes":""},"categories":[173],"tags":[],"class_list":["post-3305","post","type-post","status-publish","format-standard","hentry","category-euroopassa","infinite-scroll-item","generate-columns","tablet-grid-50","mobile-grid-100","grid-parent","grid-33"],"_links":{"self":[{"href":"https:\/\/prensaescrita.org\/fi\/wp-json\/wp\/v2\/posts\/3305","targetHints":{"allow":["GET"]}}],"collection":[{"href":"https:\/\/prensaescrita.org\/fi\/wp-json\/wp\/v2\/posts"}],"about":[{"href":"https:\/\/prensaescrita.org\/fi\/wp-json\/wp\/v2\/types\/post"}],"author":[{"embeddable":true,"href":"https:\/\/prensaescrita.org\/fi\/wp-json\/wp\/v2\/users\/1"}],"replies":[{"embeddable":true,"href":"https:\/\/prensaescrita.org\/fi\/wp-json\/wp\/v2\/comments?post=3305"}],"version-history":[{"count":1,"href":"https:\/\/prensaescrita.org\/fi\/wp-json\/wp\/v2\/posts\/3305\/revisions"}],"predecessor-version":[{"id":4352,"href":"https:\/\/prensaescrita.org\/fi\/wp-json\/wp\/v2\/posts\/3305\/revisions\/4352"}],"wp:attachment":[{"href":"https:\/\/prensaescrita.org\/fi\/wp-json\/wp\/v2\/media?parent=3305"}],"wp:term":[{"taxonomy":"category","embeddable":true,"href":"https:\/\/prensaescrita.org\/fi\/wp-json\/wp\/v2\/categories?post=3305"},{"taxonomy":"post_tag","embeddable":true,"href":"https:\/\/prensaescrita.org\/fi\/wp-json\/wp\/v2\/tags?post=3305"}],"curies":[{"name":"wp","href":"https:\/\/api.w.org\/{rel}","templated":true}]}}