{"id":2638,"date":"2025-03-03T18:55:04","date_gmt":"2025-03-03T18:55:04","guid":{"rendered":"https:\/\/prensaescrita.org\/sin-categoria\/sanomalehdet-ja-sanomalehdet-senegalissa\/"},"modified":"2025-03-03T18:55:04","modified_gmt":"2025-03-03T18:55:04","slug":"sanomalehdet-ja-sanomalehdet-senegalissa","status":"publish","type":"post","link":"https:\/\/prensaescrita.org\/fi\/sanomalehdet-ja-sanomalehdet-afrikassa\/sanomalehdet-ja-sanomalehdet-senegalissa\/","title":{"rendered":"Sanomalehdet ja sanomalehdet Senegalissa"},"content":{"rendered":"<div class=\"prensa-grid-container\"><div class=\"prensa-row\" itemscope itemtype=\"https:\/\/schema.org\/Organization\">  <div class=\"prensa-col-icon\"><img src=\"https:\/\/prensaescrita.org\/wp-content\/uploads\/2025\/03\/info.jpg\" alt=\"Diario\" width=\"13\" height=\"13\"><\/div>  <div class=\"prensa-col-name\" itemprop=\"name\"><strong>LE SOLEIL<\/strong><\/div>  <div class=\"prensa-col-place\">Dakar<\/div>  <div class=\"prensa-col-url\"><a href=\"http:\/\/www.lesoleil.sn\" target=\"_blank\" rel=\"nofollow noopener\" itemprop=\"url\">lesoleil.sn<\/a><\/div><\/div><div class=\"prensa-row\" itemscope itemtype=\"https:\/\/schema.org\/Organization\">  <div class=\"prensa-col-icon\"><img src=\"https:\/\/prensaescrita.org\/wp-content\/uploads\/2025\/03\/info.jpg\" alt=\"Diario\" width=\"13\" height=\"13\"><\/div>  <div class=\"prensa-col-name\" itemprop=\"name\"><strong>SAD QUOTIDIEN<\/strong><\/div>  <div class=\"prensa-col-place\">Dakar<\/div>  <div class=\"prensa-col-url\"><a href=\"http:\/\/www.sudonline.sn\" target=\"_blank\" rel=\"nofollow noopener\" itemprop=\"url\">sudonline.sn<\/a><\/div><\/div><div class=\"prensa-row\" itemscope itemtype=\"https:\/\/schema.org\/Organization\">  <div class=\"prensa-col-icon\"><img src=\"https:\/\/prensaescrita.org\/wp-content\/uploads\/2025\/03\/info.jpg\" alt=\"Diario\" width=\"13\" height=\"13\"><\/div>  <div class=\"prensa-col-name\" itemprop=\"name\"><strong>Groupe Futurs Media<\/strong><\/div>  <div class=\"prensa-col-place\">Dakar<\/div>  <div class=\"prensa-col-url\"><a href=\"https:\/\/www.gfm.sn\/\" target=\"_blank\" rel=\"nofollow noopener\" itemprop=\"url\">gfm.sn\/<\/a><\/div><\/div><div class=\"prensa-row\" itemscope itemtype=\"https:\/\/schema.org\/Organization\">  <div class=\"prensa-col-icon\"><img src=\"https:\/\/prensaescrita.org\/wp-content\/uploads\/2025\/03\/info.jpg\" alt=\"Diario\" width=\"13\" height=\"13\"><\/div>  <div class=\"prensa-col-name\" itemprop=\"name\"><strong>WALF FADJRI<\/strong><\/div>  <div class=\"prensa-col-place\">Dakar<\/div>  <div class=\"prensa-col-url\"><a href=\"http:\/\/www.walf-groupe.com\" target=\"_blank\" rel=\"nofollow noopener\" itemprop=\"url\">walf-groupe.com<\/a><\/div><\/div><div class=\"prensa-row\" itemscope itemtype=\"https:\/\/schema.org\/Organization\">  <div class=\"prensa-col-icon\"><img src=\"https:\/\/prensaescrita.org\/wp-content\/uploads\/2025\/03\/info.jpg\" alt=\"Diario\" width=\"13\" height=\"13\"><\/div>  <div class=\"prensa-col-name\" itemprop=\"name\"><strong>L\u2019OBSERVATEUR<\/strong><\/div>  <div class=\"prensa-col-place\">Dakar<\/div>  <div class=\"prensa-col-url\"><a href=\"http:\/\/www.igfm.sn\" target=\"_blank\" rel=\"nofollow noopener\" itemprop=\"url\">igfm.sn<\/a><\/div><\/div><div class=\"prensa-row\" itemscope itemtype=\"https:\/\/schema.org\/Organization\">  <div class=\"prensa-col-icon\"><img src=\"https:\/\/prensaescrita.org\/wp-content\/uploads\/2025\/03\/info.jpg\" alt=\"Diario\" width=\"13\" height=\"13\"><\/div>  <div class=\"prensa-col-name\" itemprop=\"name\"><strong>LE QUOTIDIEN<\/strong><\/div>  <div class=\"prensa-col-place\">Dakar<\/div>  <div class=\"prensa-col-url\"><a href=\"http:\/\/www.lequotidien.sn\" target=\"_blank\" rel=\"nofollow noopener\" itemprop=\"url\">lequotidien.sn<\/a><\/div><\/div><\/div>\n<hr style=\"border: none; height: 2px; background: linear-gradient(to right, transparent, #000, transparent); margin: 20px 0;\">\n<h2 class=\"concss\">Luettelo Senegalin sanomalehdist\u00e4 ja sanomalehdist\u00e4<\/h2>\n<div class=\"estilo1\">Senegalissa lehdist\u00f6ll\u00e4 on keskeinen rooli tiedon levitt\u00e4misess\u00e4 ja julkisen keskustelun edist\u00e4misess\u00e4. Senegalilaiset sanomalehdet, jotka tunnetaan my\u00f6s Senegalissa p\u00e4iv\u00e4kirjoina, ovat uutisten ja analyysien l\u00e4hde kansallisista ja kansainv\u00e4lisist\u00e4 ajankohtaisista asioista. Senegalin lehdist\u00f6 kattaa monenlaisia aiheita politiikasta ja taloudesta kulttuuriin ja urheiluun. Senegalin sanomalehdill\u00e4 on tyypillisesti sek\u00e4 painettu ett\u00e4 digitaalinen levikki, joten ne voivat tavoittaa monipuolisen ja jatkuvasti kasvavan yleis\u00f6n. Senegalin tunnetuimpiin sanomalehtiin kuuluu Le Soleil, yksi maan vanhimmista ja arvostetuimmista p\u00e4iv\u00e4lehdist\u00e4. Sanomalehti kattaa monenlaisia aiheita paikallisista uutisista ajankohtaisiin kansainv\u00e4lisiin tapahtumiin. Toinen merkitt\u00e4v\u00e4 sanomalehti Senegalissa on Sud Quotidien, joka tunnetaan kriittisest\u00e4 l\u00e4hestymistavastaan ja kattavasta uutisoinnistaan ajankohtaisista poliittisista ja yhteiskunnallisista tapahtumista. T\u00e4m\u00e4 sanomalehti on luotettava tietol\u00e4hde niille, jotka ovat kiinnostuneita maan ja alueen t\u00e4rkeimmist\u00e4 tapahtumista.    <\/p>\n<p>Lis\u00e4ksi Senegalista l\u00f6ytyy muita tunnettuja sanomalehti\u00e4, kuten L\u2019Observateur ja Le Quotidien, jotka tarjoavat ainutlaatuisen n\u00e4k\u00f6kulman kansallisiin ja kansainv\u00e4lisiin ajankohtaisiin asioihin.<\/p>\n<p>Lyhyesti sanottuna senegalilaisilla sanomalehdill\u00e4 on ratkaiseva rooli yhteiskunnassa tiedottamalla, kouluttamalla ja viihdytt\u00e4m\u00e4ll\u00e4 v\u00e4est\u00f6\u00e4. Aiheidensa ja l\u00e4hestymistapojensa moninaisuuden ansiosta Senegalin lehdist\u00f6 on edelleen v\u00e4ltt\u00e4m\u00e4t\u00f6n tietol\u00e4hde kansalaisille ja keskeinen osa maan mediamaisemaa. <\/p>\n<\/div>\n","protected":false},"excerpt":{"rendered":"<p>LE SOLEIL Dakar lesoleil.sn SAD QUOTIDIEN Dakar sudonline.sn Groupe Futurs Media Dakar gfm.sn\/ WALF FADJRI Dakar walf-groupe.com L\u2019OBSERVATEUR Dakar igfm.sn LE QUOTIDIEN Dakar lequotidien.sn Luettelo Senegalin sanomalehdist\u00e4 ja sanomalehdist\u00e4 Senegalissa lehdist\u00f6ll\u00e4 on keskeinen rooli tiedon levitt\u00e4misess\u00e4 ja julkisen keskustelun edist\u00e4misess\u00e4. Senegalilaiset sanomalehdet, jotka tunnetaan my\u00f6s Senegalissa p\u00e4iv\u00e4kirjoina, ovat uutisten ja analyysien l\u00e4hde kansallisista ja kansainv\u00e4lisist\u00e4 &#8230; <a title=\"Sanomalehdet ja sanomalehdet Senegalissa\" class=\"read-more\" href=\"https:\/\/prensaescrita.org\/fi\/sanomalehdet-ja-sanomalehdet-afrikassa\/sanomalehdet-ja-sanomalehdet-senegalissa\/\" aria-label=\"Lue lis\u00e4\u00e4 aiheesta Sanomalehdet ja sanomalehdet Senegalissa\">Lue lis\u00e4\u00e4<\/a><\/p>\n","protected":false},"author":1,"featured_media":0,"comment_status":"closed","ping_status":"open","sticky":false,"template":"","format":"standard","meta":{"footnotes":""},"categories":[142],"tags":[],"class_list":["post-2638","post","type-post","status-publish","format-standard","hentry","category-sanomalehdet-ja-sanomalehdet-afrikassa","infinite-scroll-item","generate-columns","tablet-grid-50","mobile-grid-100","grid-parent","grid-33"],"_links":{"self":[{"href":"https:\/\/prensaescrita.org\/fi\/wp-json\/wp\/v2\/posts\/2638","targetHints":{"allow":["GET"]}}],"collection":[{"href":"https:\/\/prensaescrita.org\/fi\/wp-json\/wp\/v2\/posts"}],"about":[{"href":"https:\/\/prensaescrita.org\/fi\/wp-json\/wp\/v2\/types\/post"}],"author":[{"embeddable":true,"href":"https:\/\/prensaescrita.org\/fi\/wp-json\/wp\/v2\/users\/1"}],"replies":[{"embeddable":true,"href":"https:\/\/prensaescrita.org\/fi\/wp-json\/wp\/v2\/comments?post=2638"}],"version-history":[{"count":0,"href":"https:\/\/prensaescrita.org\/fi\/wp-json\/wp\/v2\/posts\/2638\/revisions"}],"wp:attachment":[{"href":"https:\/\/prensaescrita.org\/fi\/wp-json\/wp\/v2\/media?parent=2638"}],"wp:term":[{"taxonomy":"category","embeddable":true,"href":"https:\/\/prensaescrita.org\/fi\/wp-json\/wp\/v2\/categories?post=2638"},{"taxonomy":"post_tag","embeddable":true,"href":"https:\/\/prensaescrita.org\/fi\/wp-json\/wp\/v2\/tags?post=2638"}],"curies":[{"name":"wp","href":"https:\/\/api.w.org\/{rel}","templated":true}]}}