{"id":2631,"date":"2025-03-03T18:54:41","date_gmt":"2025-03-03T18:54:41","guid":{"rendered":"https:\/\/prensaescrita.org\/sin-categoria\/reunionin-sanomalehdet-ja-paivakirjat\/"},"modified":"2025-03-03T18:54:41","modified_gmt":"2025-03-03T18:54:41","slug":"reunionin-sanomalehdet-ja-paivakirjat","status":"publish","type":"post","link":"https:\/\/prensaescrita.org\/fi\/sanomalehdet-ja-sanomalehdet-afrikassa\/reunionin-sanomalehdet-ja-paivakirjat\/","title":{"rendered":"R\u00e9unionin sanomalehdet ja p\u00e4iv\u00e4kirjat"},"content":{"rendered":"<div class=\"prensa-grid-container\"><div class=\"prensa-row\" itemscope itemtype=\"https:\/\/schema.org\/Organization\">  <div class=\"prensa-col-icon\"><img src=\"https:\/\/prensaescrita.org\/wp-content\/uploads\/2025\/03\/info.jpg\" alt=\"Diario\" width=\"13\" height=\"13\"><\/div>  <div class=\"prensa-col-name\" itemprop=\"name\"><strong>LE JOURNAL DE L\u2019\u00ceLE DE LA R\u00c9UNION<\/strong><\/div>  <div class=\"prensa-col-place\">Saint-denis<\/div>  <div class=\"prensa-col-url\"><a href=\"http:\/\/www.clicanoo.re\" target=\"_blank\" rel=\"nofollow noopener\" itemprop=\"url\">clicanoo.re<\/a><\/div><\/div><div class=\"prensa-row\" itemscope itemtype=\"https:\/\/schema.org\/Organization\">  <div class=\"prensa-col-icon\"><img src=\"https:\/\/prensaescrita.org\/wp-content\/uploads\/2025\/03\/info.jpg\" alt=\"Diario\" width=\"13\" height=\"13\"><\/div>  <div class=\"prensa-col-name\" itemprop=\"name\"><strong>LE QUOTIDIEN<\/strong><\/div>  <div class=\"prensa-col-place\">Saint-denis<\/div>  <div class=\"prensa-col-url\"><a href=\"http:\/\/www.lequotidien.re\" target=\"_blank\" rel=\"nofollow noopener\" itemprop=\"url\">lequotidien.re<\/a><\/div><\/div><\/div>\n<hr style=\"border: none; height: 2px; background: linear-gradient(to right, transparent, #000, transparent); margin: 20px 0;\">\n<p><\/p>\n<h2 class=\"concss\">Luettelo R\u00e9unionin sanomalehdist\u00e4 ja sanomalehdist\u00e4<\/h2>\n<p><\/p>\n<div class=\"estilo1\">Intian valtamerell\u00e4 sijaitsevalla ranskalaisella saarella R\u00e9unionilla lehdist\u00f6ll\u00e4 on keskeinen rooli sen asukkaiden jokap\u00e4iv\u00e4isess\u00e4 el\u00e4m\u00e4ss\u00e4. R\u00e9unionin sanomalehdet tarjoavat monenlaista tietoa paikallisista, kansallisista ja kansainv\u00e4lisist\u00e4 asioista ja pit\u00e4v\u00e4t v\u00e4est\u00f6n ajan tasalla ja yhteydess\u00e4 siihen, mit\u00e4 maailmassa tapahtuu. R\u00e9unionin sanomalehdet vaihtelevat painetuista julkaisuista digitaalisiin alustoihin, mik\u00e4 tarjoaa lukijoille erilaisia vaihtoehtoja uutisten k\u00e4ytt\u00f6\u00f6n. R\u00e9unionin lehdist\u00f6lle on ominaista sen monimuotoisuus ja moniarvoisuus, joka heijastaa saaren rikasta monikulttuurisuutta ja k\u00e4sittelee monenlaisia yhteis\u00f6\u00e4 kiinnostavia aiheita.  <\/p>\n<p>R\u00e9unionin merkitt\u00e4vimpi\u00e4 sanomalehti\u00e4 ovat muun muassa Le Quotidien, valtakunnallinen p\u00e4iv\u00e4lehti, joka k\u00e4sittelee paikallisia, kansallisia ja kansainv\u00e4lisi\u00e4 uutisia keskittyen ajankohtaisiin poliittisiin ja yhteiskunnallisiin tapahtumiin. Toisaalta Le Journal de l\u2019\u00eele de la R\u00e9union on toinen referenssi R\u00e9unionin lehdist\u00f6ss\u00e4, joka tarjoaa t\u00e4ydellisen kattauksen saaren t\u00e4rkeimmist\u00e4 tapahtumista. <\/p>\n<p>Lis\u00e4ksi L\u2019info.re on online-uutisportaali, joka on vakiinnuttanut asemansa luotettavana tietol\u00e4hteen\u00e4 R\u00e9unionin asukkaille, ja sen osiot on omistettu politiikalle, taloudelle, kulttuurille ja urheilulle. My\u00f6s muut R\u00e9unionin sanomalehdet, kuten Clicanoo ja Zinfos974, ovat suosittuja paikallisten lukijoiden keskuudessa, ja ne tarjoavat syv\u00e4llist\u00e4 uutisointia saaren t\u00e4rkeimmist\u00e4 tapahtumista. <\/p>\n<p>Lyhyesti sanottuna R\u00e9unionin sanomalehdill\u00e4 on ratkaiseva rooli yhteiskunnassa, sill\u00e4 ne tiedottavat, kouluttavat ja viihdytt\u00e4v\u00e4t v\u00e4est\u00f6\u00e4. Olipa kyse painetusta tai digitaalisesta mediasta, R\u00e9unionin lehdist\u00f6 on edelleen korvaamaton tietol\u00e4hde saaren asukkaille, sill\u00e4 se pit\u00e4\u00e4 heid\u00e4t yhteydess\u00e4 ymp\u00e4r\u00f6iv\u00e4\u00e4n maailmaan. Katso alla olevasta taulukosta lis\u00e4\u00e4 R\u00e9unionin sanomalehti\u00e4.  <\/p>\n<\/div>\n","protected":false},"excerpt":{"rendered":"<p>LE JOURNAL DE L\u2019\u00ceLE DE LA R\u00c9UNION Saint-denis clicanoo.re LE QUOTIDIEN Saint-denis lequotidien.re Luettelo R\u00e9unionin sanomalehdist\u00e4 ja sanomalehdist\u00e4 Intian valtamerell\u00e4 sijaitsevalla ranskalaisella saarella R\u00e9unionilla lehdist\u00f6ll\u00e4 on keskeinen rooli sen asukkaiden jokap\u00e4iv\u00e4isess\u00e4 el\u00e4m\u00e4ss\u00e4. R\u00e9unionin sanomalehdet tarjoavat monenlaista tietoa paikallisista, kansallisista ja kansainv\u00e4lisist\u00e4 asioista ja pit\u00e4v\u00e4t v\u00e4est\u00f6n ajan tasalla ja yhteydess\u00e4 siihen, mit\u00e4 maailmassa tapahtuu. R\u00e9unionin sanomalehdet &#8230; <a title=\"R\u00e9unionin sanomalehdet ja p\u00e4iv\u00e4kirjat\" class=\"read-more\" href=\"https:\/\/prensaescrita.org\/fi\/sanomalehdet-ja-sanomalehdet-afrikassa\/reunionin-sanomalehdet-ja-paivakirjat\/\" aria-label=\"Lue lis\u00e4\u00e4 aiheesta R\u00e9unionin sanomalehdet ja p\u00e4iv\u00e4kirjat\">Lue lis\u00e4\u00e4<\/a><\/p>\n","protected":false},"author":1,"featured_media":0,"comment_status":"closed","ping_status":"open","sticky":false,"template":"","format":"standard","meta":{"footnotes":""},"categories":[142],"tags":[],"class_list":["post-2631","post","type-post","status-publish","format-standard","hentry","category-sanomalehdet-ja-sanomalehdet-afrikassa","infinite-scroll-item","generate-columns","tablet-grid-50","mobile-grid-100","grid-parent","grid-33"],"_links":{"self":[{"href":"https:\/\/prensaescrita.org\/fi\/wp-json\/wp\/v2\/posts\/2631","targetHints":{"allow":["GET"]}}],"collection":[{"href":"https:\/\/prensaescrita.org\/fi\/wp-json\/wp\/v2\/posts"}],"about":[{"href":"https:\/\/prensaescrita.org\/fi\/wp-json\/wp\/v2\/types\/post"}],"author":[{"embeddable":true,"href":"https:\/\/prensaescrita.org\/fi\/wp-json\/wp\/v2\/users\/1"}],"replies":[{"embeddable":true,"href":"https:\/\/prensaescrita.org\/fi\/wp-json\/wp\/v2\/comments?post=2631"}],"version-history":[{"count":0,"href":"https:\/\/prensaescrita.org\/fi\/wp-json\/wp\/v2\/posts\/2631\/revisions"}],"wp:attachment":[{"href":"https:\/\/prensaescrita.org\/fi\/wp-json\/wp\/v2\/media?parent=2631"}],"wp:term":[{"taxonomy":"category","embeddable":true,"href":"https:\/\/prensaescrita.org\/fi\/wp-json\/wp\/v2\/categories?post=2631"},{"taxonomy":"post_tag","embeddable":true,"href":"https:\/\/prensaescrita.org\/fi\/wp-json\/wp\/v2\/tags?post=2631"}],"curies":[{"name":"wp","href":"https:\/\/api.w.org\/{rel}","templated":true}]}}