{"id":2477,"date":"2025-03-03T18:45:11","date_gmt":"2025-03-03T18:45:11","guid":{"rendered":"https:\/\/prensaescrita.org\/sin-categoria\/namibialaiset-sanomalehdet-ja-aikakauslehdet\/"},"modified":"2025-03-03T18:45:11","modified_gmt":"2025-03-03T18:45:11","slug":"namibialaiset-sanomalehdet-ja-aikakauslehdet","status":"publish","type":"post","link":"https:\/\/prensaescrita.org\/fi\/sanomalehdet-ja-sanomalehdet-afrikassa\/namibialaiset-sanomalehdet-ja-aikakauslehdet\/","title":{"rendered":"Namibialaiset sanomalehdet ja aikakauslehdet"},"content":{"rendered":"<div class=\"prensa-grid-container\"><div class=\"prensa-row\" itemscope itemtype=\"https:\/\/schema.org\/Organization\">  <div class=\"prensa-col-icon\"><img src=\"https:\/\/prensaescrita.org\/wp-content\/uploads\/2025\/03\/info.jpg\" alt=\"Diario\" width=\"13\" height=\"13\"><\/div>  <div class=\"prensa-col-name\" itemprop=\"name\"><strong>NAMIBIALAINEN<\/strong><\/div>  <div class=\"prensa-col-place\">Windhoek<\/div>  <div class=\"prensa-col-url\"><a href=\"http:\/\/www.namibian.com.na\" target=\"_blank\" rel=\"nofollow noopener\" itemprop=\"url\">namibian.com.na<\/a><\/div><\/div><div class=\"prensa-row\" itemscope itemtype=\"https:\/\/schema.org\/Organization\">  <div class=\"prensa-col-icon\"><img src=\"https:\/\/prensaescrita.org\/wp-content\/uploads\/2025\/03\/info.jpg\" alt=\"Diario\" width=\"13\" height=\"13\"><\/div>  <div class=\"prensa-col-name\" itemprop=\"name\"><strong>TASAVALTA<\/strong><\/div>  <div class=\"prensa-col-place\">Windhoek<\/div>  <div class=\"prensa-col-url\"><a href=\"http:\/\/www.republikein.com.na\" target=\"_blank\" rel=\"nofollow noopener\" itemprop=\"url\">republikein.com.na<\/a><\/div><\/div><div class=\"prensa-row\" itemscope itemtype=\"https:\/\/schema.org\/Organization\">  <div class=\"prensa-col-icon\"><img src=\"https:\/\/prensaescrita.org\/wp-content\/uploads\/2025\/03\/info.jpg\" alt=\"Diario\" width=\"13\" height=\"13\"><\/div>  <div class=\"prensa-col-name\" itemprop=\"name\"><strong>UUSI AIKAKAUSI<\/strong><\/div>  <div class=\"prensa-col-place\">Windhoek<\/div>  <div class=\"prensa-col-url\"><a href=\"https:\/\/www.neweralive.na\" target=\"_blank\" rel=\"nofollow noopener\" itemprop=\"url\">neweralive.na<\/a><\/div><\/div><div class=\"prensa-row\" itemscope itemtype=\"https:\/\/schema.org\/Organization\">  <div class=\"prensa-col-icon\"><img src=\"https:\/\/prensaescrita.org\/wp-content\/uploads\/2025\/03\/info.jpg\" alt=\"Diario\" width=\"13\" height=\"13\"><\/div>  <div class=\"prensa-col-name\" itemprop=\"name\"><strong>ALLGEMEINE ZEITUNG<\/strong><\/div>  <div class=\"prensa-col-place\">Windhoek<\/div>  <div class=\"prensa-col-url\"><a href=\"http:\/\/www.az.com.na\" target=\"_blank\" rel=\"nofollow noopener\" itemprop=\"url\">az.com.na<\/a><\/div><\/div><div class=\"prensa-row\" itemscope itemtype=\"https:\/\/schema.org\/Organization\">  <div class=\"prensa-col-icon\"><img src=\"https:\/\/prensaescrita.org\/wp-content\/uploads\/2025\/03\/info.jpg\" alt=\"Diario\" width=\"13\" height=\"13\"><\/div>  <div class=\"prensa-col-name\" itemprop=\"name\"><strong>NAMIBIAN AURINKO<\/strong><\/div>  <div class=\"prensa-col-place\">Windhoek<\/div>  <div class=\"prensa-col-url\"><a href=\"http:\/\/www.namibiansun.com\" target=\"_blank\" rel=\"nofollow noopener\" itemprop=\"url\">namibiansun.com<\/a><\/div><\/div><\/div>\n<hr style=\"border: none; height: 2px; background: linear-gradient(to right, transparent, #000, transparent); margin: 20px 0;\">\n<p><\/p>\n<h2 class=\"concss\">Luettelo namibialaisista sanoma- ja aikakauslehdist\u00e4<\/h2>\n<p><\/p>\n<div class=\"estilo1\">Namibia on Lounais-Afrikassa sijaitseva maa, jolla on monipuolinen mediatarjonta. Namibialaisilla sanomalehdill\u00e4 on keskeinen rooli v\u00e4est\u00f6\u00e4 kiinnostavien tietojen ja uutisten levitt\u00e4misess\u00e4. Namibian sanomalehdet k\u00e4sittelev\u00e4t monenlaisia aiheita politiikasta ja taloudesta kulttuuriin ja urheiluun. Namibian lehdist\u00f6lle on ominaista sen moninaisuus ja monimuotoisuus, joka heijastaa Namibian yhteiskunnan erilaisia todellisuuksia ja n\u00e4k\u00f6kulmia. Namibialaisten sanomalehtien kautta kansalaiset voivat pysy\u00e4 ajan tasalla t\u00e4rkeimmist\u00e4 tapahtumista paikallisella, kansallisella ja kansainv\u00e4lisell\u00e4 tasolla.   <\/p>\n<p>Alla on taulukko, jossa luetellaan joitain Namibian johtavista sanomalehdist\u00e4:<\/p>\n<p>| Sanomalehden nimi | Verkkosivusto |<br \/>\n|\u2014\u2014\u2014\u2014\u2014\u2014\u2014\u2014-|\u2014\u2014\u2014\u2014\u2014\u2014\u2014\u2014\u2014\u2014\u2014\u2014\u2014\u2013|<br \/>\n| Namibialainen | www.namibian.com.na |<br \/>\n| Uusi aikakausi | www.newera.com.na |<br \/>\n| Namibian aurinko | www.namibiansun.com.na |<br \/>\n| Allgemeine Zeitung | www.az.com.na |<br \/>\n| Uskottu | www.confidante.com.na |<\/p>\n<p>N\u00e4m\u00e4 ovat vain muutamia esimerkkej\u00e4 Namibian sanomalehdist\u00e4, jotka edist\u00e4v\u00e4t maan tiedon monimuotoisuutta. Jokaisella niist\u00e4 on oma toimituksellinen l\u00e4hestymistapansa ja yleis\u00f6ns\u00e4, joten lukijat p\u00e4\u00e4sev\u00e4t k\u00e4siksi monenlaisiin n\u00e4k\u00f6kulmiin ja mielipiteisiin. <\/p>\n<p>Namibian lehdist\u00f6ll\u00e4 on ratkaiseva rooli l\u00e4pin\u00e4kyvyyden, vastuullisuuden ja demokratian edist\u00e4misess\u00e4 maassa. Namibialaisten sanomalehtien journalistisen ty\u00f6n avulla kannustetaan julkiseen keskusteluun ja vahvistetaan kansalaisten osallistumista yhteist\u00e4 etua koskeviin asioihin. <\/p>\n<p>Lyhyesti sanottuna namibialaiset sanomalehdet ovat perustavanlaatuinen v\u00e4line tiedonsaannissa ja tietoon perustuvan ja osallistavan yhteiskunnan rakentamisessa. On t\u00e4rke\u00e4\u00e4 arvostaa ja tukea sanomalehtien ty\u00f6t\u00e4 Namibiassa, koska ne edist\u00e4v\u00e4t merkitt\u00e4v\u00e4sti demokratian kehityst\u00e4 ja lujittamista maassa. <\/p>\n<\/div>\n","protected":false},"excerpt":{"rendered":"<p>NAMIBIALAINEN Windhoek namibian.com.na TASAVALTA Windhoek republikein.com.na UUSI AIKAKAUSI Windhoek neweralive.na ALLGEMEINE ZEITUNG Windhoek az.com.na NAMIBIAN AURINKO Windhoek namibiansun.com Luettelo namibialaisista sanoma- ja aikakauslehdist\u00e4 Namibia on Lounais-Afrikassa sijaitseva maa, jolla on monipuolinen mediatarjonta. Namibialaisilla sanomalehdill\u00e4 on keskeinen rooli v\u00e4est\u00f6\u00e4 kiinnostavien tietojen ja uutisten levitt\u00e4misess\u00e4. Namibian sanomalehdet k\u00e4sittelev\u00e4t monenlaisia aiheita politiikasta ja taloudesta kulttuuriin ja urheiluun. Namibian &#8230; <a title=\"Namibialaiset sanomalehdet ja aikakauslehdet\" class=\"read-more\" href=\"https:\/\/prensaescrita.org\/fi\/sanomalehdet-ja-sanomalehdet-afrikassa\/namibialaiset-sanomalehdet-ja-aikakauslehdet\/\" aria-label=\"Lue lis\u00e4\u00e4 aiheesta Namibialaiset sanomalehdet ja aikakauslehdet\">Lue lis\u00e4\u00e4<\/a><\/p>\n","protected":false},"author":1,"featured_media":0,"comment_status":"closed","ping_status":"open","sticky":false,"template":"","format":"standard","meta":{"footnotes":""},"categories":[142],"tags":[],"class_list":["post-2477","post","type-post","status-publish","format-standard","hentry","category-sanomalehdet-ja-sanomalehdet-afrikassa","infinite-scroll-item","generate-columns","tablet-grid-50","mobile-grid-100","grid-parent","grid-33"],"_links":{"self":[{"href":"https:\/\/prensaescrita.org\/fi\/wp-json\/wp\/v2\/posts\/2477","targetHints":{"allow":["GET"]}}],"collection":[{"href":"https:\/\/prensaescrita.org\/fi\/wp-json\/wp\/v2\/posts"}],"about":[{"href":"https:\/\/prensaescrita.org\/fi\/wp-json\/wp\/v2\/types\/post"}],"author":[{"embeddable":true,"href":"https:\/\/prensaescrita.org\/fi\/wp-json\/wp\/v2\/users\/1"}],"replies":[{"embeddable":true,"href":"https:\/\/prensaescrita.org\/fi\/wp-json\/wp\/v2\/comments?post=2477"}],"version-history":[{"count":0,"href":"https:\/\/prensaescrita.org\/fi\/wp-json\/wp\/v2\/posts\/2477\/revisions"}],"wp:attachment":[{"href":"https:\/\/prensaescrita.org\/fi\/wp-json\/wp\/v2\/media?parent=2477"}],"wp:term":[{"taxonomy":"category","embeddable":true,"href":"https:\/\/prensaescrita.org\/fi\/wp-json\/wp\/v2\/categories?post=2477"},{"taxonomy":"post_tag","embeddable":true,"href":"https:\/\/prensaescrita.org\/fi\/wp-json\/wp\/v2\/tags?post=2477"}],"curies":[{"name":"wp","href":"https:\/\/api.w.org\/{rel}","templated":true}]}}