{"id":3524,"date":"2025-03-03T13:44:24","date_gmt":"2025-03-03T13:44:24","guid":{"rendered":"https:\/\/prensaescrita.org\/sin-categoria\/aviser-og-aviser-i-cantabrien\/"},"modified":"2025-03-03T13:44:24","modified_gmt":"2025-03-03T13:44:24","slug":"aviser-og-aviser-i-cantabrien","status":"publish","type":"post","link":"https:\/\/prensaescrita.org\/da\/aviser-og-aviser-i-spanien\/aviser-og-aviser-i-cantabrien\/","title":{"rendered":"Aviser og aviser i Cantabrien"},"content":{"rendered":"<div class=\"box-shadow-light\" style=\"margin-bottom: 30px;\">\n<table border=\"0\" width=\"100%\" cellspacing=\"0\" cellpadding=\"2\" bgcolor=\"#ffffff\">\n<tbody>\n<tr>\n<td width=\"20\">\n<table border=\"0\" cellspacing=\"1\">\n<tbody>\n<tr>\n<td><img loading=\"lazy\" decoding=\"async\" title=\"DIGITALT NEJ\" src=\"https:\/\/estaticos.prensaescrita.com\/imagenes\/dig-no.jpg\" alt=\"N\" width=\"13\" height=\"13\"><\/td>\n<\/tr>\n<\/tbody>\n<\/table>\n<\/td>\n<td width=\"150\"><span style=\"font-family: tahoma; font-size: medium;\"><b>EL DIARIO MONTA\u00d1\u00c9S<\/b><\/span><\/td>\n<td width=\"94\"><span style=\"font-family: verdana; font-size: medium;\"><strong>Santander<\/strong><\/span><\/td>\n<td width=\"162\"><span style=\"font-family: verdana; font-size: medium;\"><a href=\"https:\/\/www.eldiariomontanes.es\" target=\"_blank\" rel=\"nofollow noopener\">eldiariomonta\u00f1es.e&#8230;<\/a><\/span><\/td>\n<\/tr>\n<tr>\n<td width=\"20\">\n<table border=\"0\" cellspacing=\"1\">\n<tbody>\n<tr>\n<td><img loading=\"lazy\" decoding=\"async\" title=\"DIGITALT NEJ\" src=\"https:\/\/estaticos.prensaescrita.com\/imagenes\/dig-no.jpg\" alt=\"N\" width=\"13\" height=\"13\"><\/td>\n<\/tr>\n<\/tbody>\n<\/table>\n<\/td>\n<td width=\"150\"><span style=\"font-family: tahoma; font-size: medium;\"><b>KVIK<\/b><\/span><\/td>\n<td width=\"94\"><span style=\"font-family: verdana; font-size: medium;\"><strong>Santander<\/strong><\/span><\/td>\n<td width=\"162\"><span style=\"font-family: verdana; font-size: medium;\"><a href=\"https:\/\/www.eldiarioalerta.com\" target=\"_blank\" rel=\"nofollow noopener\">eldiarioalerta.com<\/a><\/span><\/td>\n<\/tr>\n<tr>\n<td width=\"20\">\n<table border=\"0\" cellspacing=\"1\">\n<tbody>\n<tr>\n<td><img loading=\"lazy\" decoding=\"async\" title=\"DIGITALT NEJ\" src=\"https:\/\/estaticos.prensaescrita.com\/imagenes\/dig-no.jpg\" alt=\"N\" width=\"13\" height=\"13\"><\/td>\n<\/tr>\n<\/tbody>\n<\/table>\n<\/td>\n<td width=\"150\"><span style=\"font-family: tahoma; font-size: medium;\"><b>EL DIARIO CANTABRIEN<\/b><\/span><\/td>\n<td width=\"94\"><span style=\"font-family: verdana; font-size: medium;\"><strong>Santander<\/strong><\/span><\/td>\n<td width=\"162\"><span style=\"font-family: verdana; font-size: medium;\"><a href=\"https:\/\/www.eldiariocantabria.es\" target=\"_blank\" rel=\"nofollow noopener\">Eldiariocantabria&#8230;.<\/a><\/span><\/td>\n<\/tr>\n<tr>\n<td width=\"20\">\n<table border=\"0\" cellspacing=\"1\">\n<tbody>\n<tr>\n<td><img loading=\"lazy\" decoding=\"async\" title=\"DIGITALT NEJ\" src=\"https:\/\/estaticos.prensaescrita.com\/imagenes\/dig-no.jpg\" alt=\"N\" width=\"13\" height=\"13\"><\/td>\n<\/tr>\n<\/tbody>\n<\/table>\n<\/td>\n<td width=\"150\"><span style=\"font-family: tahoma; font-size: medium;\"><b>IFOMO<\/b><\/span><\/td>\n<td width=\"94\"><span style=\"font-family: verdana; font-size: medium;\"><strong>Santander<\/strong><\/span><\/td>\n<td width=\"162\"><span style=\"font-family: verdana; font-size: medium;\"><a href=\"https:\/\/www.ifomo.es\" target=\"_blank\" rel=\"nofollow noopener\">ifomo.es<\/a><\/span><\/td>\n<\/tr>\n<tr>\n<td width=\"20\">\n<table border=\"0\" cellspacing=\"1\">\n<tbody>\n<tr>\n<td><img loading=\"lazy\" decoding=\"async\" title=\"DIGITALT NEJ\" src=\"https:\/\/estaticos.prensaescrita.com\/imagenes\/dig-no.jpg\" alt=\"N\" width=\"13\" height=\"13\"><\/td>\n<\/tr>\n<\/tbody>\n<\/table>\n<\/td>\n<td width=\"150\"><span style=\"font-family: tahoma; font-size: medium;\"><b>CANTABRIEN 24 TIMER<\/b><\/span><\/td>\n<td width=\"94\"><span style=\"font-family: verdana; font-size: medium;\"><strong>Santander<\/strong><\/span><\/td>\n<td width=\"162\"><span style=\"font-family: verdana; font-size: medium;\"><a href=\"https:\/\/www.cantabria24horas.com\" target=\"_blank\" rel=\"nofollow noopener\">cantabria24horas.c&#8230;<\/a><\/span><\/td>\n<\/tr>\n<tr>\n<td width=\"20\">\n<table border=\"0\" cellspacing=\"1\">\n<tbody>\n<tr>\n<td><img loading=\"lazy\" decoding=\"async\" title=\"DIGITALT NEJ\" src=\"https:\/\/estaticos.prensaescrita.com\/imagenes\/dig-no.jpg\" alt=\"N\" width=\"13\" height=\"13\"><\/td>\n<\/tr>\n<\/tbody>\n<\/table>\n<\/td>\n<td width=\"150\"><span style=\"font-family: tahoma; font-size: medium;\"><b>CANTABRIEN LIBERAL<\/b><\/span><\/td>\n<td width=\"94\"><span style=\"font-family: verdana; font-size: medium;\"><strong>Santander<\/strong><\/span><\/td>\n<td width=\"162\"><span style=\"font-family: verdana; font-size: medium;\"><a href=\"https:\/\/www.cantabrialiberal.com\" target=\"_blank\" rel=\"nofollow noopener\">Cantabrialiberal.c&#8230;<\/a><\/span><\/td>\n<\/tr>\n<tr>\n<td width=\"20\">\n<table border=\"0\" cellspacing=\"1\">\n<tbody>\n<tr>\n<td><img loading=\"lazy\" decoding=\"async\" title=\"DIGITALT NEJ\" src=\"https:\/\/estaticos.prensaescrita.com\/imagenes\/dig-no.jpg\" alt=\"N\" width=\"13\" height=\"13\"><\/td>\n<\/tr>\n<\/tbody>\n<\/table>\n<\/td>\n<td width=\"150\"><span style=\"font-family: tahoma; font-size: medium;\"><b>I DAG TORRELAVEGA<\/b><\/span><\/td>\n<td width=\"94\"><span style=\"font-family: verdana; font-size: medium;\"><strong>Torrelavega<\/strong><\/span><\/td>\n<td width=\"162\"><span style=\"font-family: verdana; font-size: medium;\"><a href=\"https:\/\/www.hoytorrelavega.es\" target=\"_blank\" rel=\"nofollow noopener\">hoytorrelavega.es<\/a><\/span><\/td>\n<\/tr>\n<tr>\n<td width=\"20\">\n<table border=\"0\" cellspacing=\"1\">\n<tbody>\n<tr>\n<td><img loading=\"lazy\" decoding=\"async\" title=\"DIGITALT NEJ\" src=\"https:\/\/estaticos.prensaescrita.com\/imagenes\/dig-no.jpg\" alt=\"N\" width=\"13\" height=\"13\"><\/td>\n<\/tr>\n<\/tbody>\n<\/table>\n<\/td>\n<td width=\"150\"><span style=\"font-family: tahoma; font-size: medium;\"><b>MEGET CASTRO<\/b><\/span><\/td>\n<td width=\"94\"><span style=\"font-family: verdana; font-size: medium;\"><strong>Castro Urdiales<\/strong><\/span><\/td>\n<td width=\"162\"><span style=\"font-family: verdana; font-size: medium;\"><a href=\"https:\/\/www.muchocastro.com\" target=\"_blank\" rel=\"nofollow noopener\">muchocastro.com<\/a><\/span><\/td>\n<\/tr>\n<\/tbody>\n<\/table>\n<p><img decoding=\"async\" src=\"https:\/\/prensaescrita.org\/wp-content\/uploads\/2025\/03\/info.jpg\" alt=\"RSS\">  Generel information \u2013 <img decoding=\"async\" src=\"https:\/\/prensaescrita.org\/wp-content\/uploads\/2025\/03\/deporte.jpg\" alt=\"d\u00e6kke\"> Sport\/\u00d8konomi<\/div>\n<hr style=\"border: none; height: 2px; background: linear-gradient(to right, transparent, #000, transparent); margin: 20px 0;\">\n<p><\/p>\n<h2 class=\"concss\">Liste over aviser og aviser i Cantabrien<\/h2>\n<p><\/p>\n<div class=\"estilo1\">Hvis du \u00f8nsker at f\u00f8lge med i aktuelle anliggender i Cantabrien, er aviserne i regionen en fremragende kilde til information. I Cantabrien spiller den lokale presse en grundl\u00e6ggende rolle i formidlingen af nyheder, rapporter og artikler af interesse for samfundet. Aviserne i Cantabrien behandler sp\u00f8rgsm\u00e5l om politik, kultur, sport, \u00f8konomi og samfund og holder befolkningen informeret om de mest relevante begivenheder, der finder sted i regionen. I den f\u00f8lgende tabel finder du en liste over nogle af de mest fremtr\u00e6dende aviser i Cantabrien, hver med sin egen redaktionelle linje og informative tilgang. Fra generalaviser til publikationer med speciale i sport eller kultur tilbyder pressen i Cantabrien en bred vifte af muligheder for at tilfredsstille l\u00e6sernes pr\u00e6ferencer.   <\/p>\n<p><strong>Aviser i Cantabrien<\/strong><\/p>\n<p>| Avisens navn | Indl\u00e6g type |<br \/>\n|\u2014\u2014\u2014\u2014\u2014\u2014\u2014\u2014\u2014|\u2014\u2014\u2014\u2014\u2014\u2014\u2014\u2014|<br \/>\n| El Diario Monta\u00f1\u00e9s | Generalist |<br \/>\n| Advarsel | Generalist |<br \/>\n| Cantabrien dag for dag | Generalist |<br \/>\n| Farad | Digital |<br \/>\n| La Gaceta de Cantabria | Generalist |<br \/>\n| Den nordlige del af Castilla | Generalist |<br \/>\n| Befolkningen i Cantabrien | Generalist |<br \/>\n| La Voz de Cantabria | Generalist |<\/p>\n<p>Hold dig informeret om, hvad der sker i Cantabrien ved at l\u00e6se disse lokale aviser. Oplev de seneste nyheder, interviews, kr\u00f8niker og analyser fra aviserne i Cantabrien, og f\u00f8lg n\u00f8je de aktuelle anliggender i denne autonome region gennem pressen i Cantabrien. G\u00e5 ikke glip af nogen nyheder og hold dig opdateret med alt, hvad der sker i denne region i Nordspanien!  <\/p>\n<\/div>\n","protected":false},"excerpt":{"rendered":"<p>EL DIARIO MONTA\u00d1\u00c9S Santander eldiariomonta\u00f1es.e&#8230; KVIK Santander eldiarioalerta.com EL DIARIO CANTABRIEN Santander Eldiariocantabria&#8230;. IFOMO Santander ifomo.es CANTABRIEN 24 TIMER Santander cantabria24horas.c&#8230; CANTABRIEN LIBERAL Santander Cantabrialiberal.c&#8230; I DAG TORRELAVEGA Torrelavega hoytorrelavega.es MEGET CASTRO Castro Urdiales muchocastro.com Generel information \u2013 Sport\/\u00d8konomi Liste over aviser og aviser i Cantabrien Hvis du \u00f8nsker at f\u00f8lge med i aktuelle anliggender &#8230; <a title=\"Aviser og aviser i Cantabrien\" class=\"read-more\" href=\"https:\/\/prensaescrita.org\/da\/aviser-og-aviser-i-spanien\/aviser-og-aviser-i-cantabrien\/\" aria-label=\"Read more about Aviser og aviser i Cantabrien\">L\u00e6s Mere<\/a><\/p>\n","protected":false},"author":1,"featured_media":0,"comment_status":"closed","ping_status":"open","sticky":false,"template":"","format":"standard","meta":{"footnotes":""},"categories":[156],"tags":[],"class_list":["post-3524","post","type-post","status-publish","format-standard","hentry","category-aviser-og-aviser-i-spanien","infinite-scroll-item","generate-columns","tablet-grid-50","mobile-grid-100","grid-parent","grid-33"],"_links":{"self":[{"href":"https:\/\/prensaescrita.org\/da\/wp-json\/wp\/v2\/posts\/3524","targetHints":{"allow":["GET"]}}],"collection":[{"href":"https:\/\/prensaescrita.org\/da\/wp-json\/wp\/v2\/posts"}],"about":[{"href":"https:\/\/prensaescrita.org\/da\/wp-json\/wp\/v2\/types\/post"}],"author":[{"embeddable":true,"href":"https:\/\/prensaescrita.org\/da\/wp-json\/wp\/v2\/users\/1"}],"replies":[{"embeddable":true,"href":"https:\/\/prensaescrita.org\/da\/wp-json\/wp\/v2\/comments?post=3524"}],"version-history":[{"count":0,"href":"https:\/\/prensaescrita.org\/da\/wp-json\/wp\/v2\/posts\/3524\/revisions"}],"wp:attachment":[{"href":"https:\/\/prensaescrita.org\/da\/wp-json\/wp\/v2\/media?parent=3524"}],"wp:term":[{"taxonomy":"category","embeddable":true,"href":"https:\/\/prensaescrita.org\/da\/wp-json\/wp\/v2\/categories?post=3524"},{"taxonomy":"post_tag","embeddable":true,"href":"https:\/\/prensaescrita.org\/da\/wp-json\/wp\/v2\/tags?post=3524"}],"curies":[{"name":"wp","href":"https:\/\/api.w.org\/{rel}","templated":true}]}}