{"id":3491,"date":"2025-03-01T01:03:14","date_gmt":"2025-03-01T01:03:14","guid":{"rendered":"https:\/\/prensaescrita.org\/sin-categoria\/aviser-og-aviser-i-ceuta-og-melilla\/"},"modified":"2025-03-01T01:03:14","modified_gmt":"2025-03-01T01:03:14","slug":"aviser-og-aviser-i-ceuta-og-melilla","status":"publish","type":"post","link":"https:\/\/prensaescrita.org\/da\/aviser-og-aviser-i-spanien\/aviser-og-aviser-i-ceuta-og-melilla\/","title":{"rendered":"Aviser og aviser i Ceuta og Melilla"},"content":{"rendered":"<div class=\"box-shadow-light\" style=\"margin-bottom: 30px;\">\n<table border=\"0\" width=\"100%\" cellspacing=\"0\" cellpadding=\"2\" bgcolor=\"#ffffff\">\n<tbody>\n<tr>\n<td colspan=\"4\" bgcolor=\"#D3DCDC\">\n<h2>Ceuta<\/h2>\n<\/td>\n<\/tr>\n<tr>\n<td width=\"20\">\n<table border=\"0\" cellspacing=\"1\">\n<tbody>\n<tr>\n<td><img loading=\"lazy\" decoding=\"async\" title=\"DIGITALT NEJ\" src=\"https:\/\/estaticos.prensaescrita.com\/imagenes\/dig-no.jpg\" alt=\"N\" width=\"13\" height=\"13\"><\/td>\n<\/tr>\n<\/tbody>\n<\/table>\n<\/td>\n<td width=\"150\"><span style=\"font-family: tahoma; font-size: medium;\"><b>FORLYGTEN<\/b><\/span><\/td>\n<td width=\"94\"><span style=\"font-family: verdana; font-size: medium;\"><strong>Ceuta<\/strong><\/span><\/td>\n<td width=\"162\"><span style=\"font-family: verdana; font-size: medium;\"><a href=\"https:\/\/www.elfarodeceuta.es\" target=\"_blank\" rel=\"nofollow noopener\">elfarodeceuta.es<\/a><\/span><\/td>\n<\/tr>\n<tr>\n<td width=\"20\">\n<table border=\"0\" cellspacing=\"1\">\n<tbody>\n<tr>\n<td><img loading=\"lazy\" decoding=\"async\" title=\"DIGITALT NEJ\" src=\"https:\/\/estaticos.prensaescrita.com\/imagenes\/dig-no.jpg\" alt=\"N\" width=\"13\" height=\"13\"><\/td>\n<\/tr>\n<\/tbody>\n<\/table>\n<\/td>\n<td width=\"150\"><span style=\"font-family: tahoma; font-size: medium;\"><b>CEUTA OPDATERET<\/b><\/span><\/td>\n<td width=\"94\"><span style=\"font-family: verdana; font-size: medium;\"><strong>Ceuta<\/strong><\/span><\/td>\n<td width=\"162\"><span style=\"font-family: verdana; font-size: medium;\"><a href=\"https:\/\/www.ceutaldia.com\" target=\"_blank\" rel=\"nofollow noopener\">ceutaldia.com<\/a><\/span><\/td>\n<\/tr>\n<tr>\n<td width=\"20\">\n<table border=\"0\" cellspacing=\"1\">\n<tbody>\n<tr>\n<td><img loading=\"lazy\" decoding=\"async\" title=\"DIGITALT NEJ\" src=\"https:\/\/estaticos.prensaescrita.com\/imagenes\/dig-no.jpg\" alt=\"N\" width=\"13\" height=\"13\"><\/td>\n<\/tr>\n<\/tbody>\n<\/table>\n<\/td>\n<td width=\"150\"><span style=\"font-family: tahoma; font-size: medium;\"><b>FOLKET<\/b><\/span><\/td>\n<td width=\"94\"><span style=\"font-family: verdana; font-size: medium;\"><strong>Ceuta<\/strong><\/span><\/td>\n<td width=\"162\"><span style=\"font-family: verdana; font-size: medium;\"><a href=\"https:\/\/www.elpueblodeceuta.es\" target=\"_blank\" rel=\"nofollow noopener\">elpueblodeceuta.es<\/a><\/span><\/td>\n<\/tr>\n<tr>\n<td width=\"20\">\n<table border=\"0\" cellspacing=\"1\">\n<tbody>\n<tr>\n<td><img loading=\"lazy\" decoding=\"async\" title=\"DIGITALT NEJ\" src=\"https:\/\/estaticos.prensaescrita.com\/imagenes\/dig-no.jpg\" alt=\"N\" width=\"13\" height=\"13\"><\/td>\n<\/tr>\n<\/tbody>\n<\/table>\n<\/td>\n<td width=\"150\"><span style=\"font-family: tahoma; font-size: medium;\"><b>SANDHEDEN OM CEUTA<\/b><\/span><\/td>\n<td width=\"94\"><span style=\"font-family: verdana; font-size: medium;\"><strong>Ceuta<\/strong><\/span><\/td>\n<td width=\"162\"><span style=\"font-family: verdana; font-size: medium;\"><a href=\"https:\/\/www.laverdaddeceuta.com\" target=\"_blank\" rel=\"nofollow noopener\">laverdaddeceuta.co&#8230;<\/a><\/span><\/td>\n<\/tr>\n<tr>\n<td width=\"20\">\n<table border=\"0\" cellspacing=\"1\">\n<tbody>\n<tr>\n<td><img loading=\"lazy\" decoding=\"async\" title=\"DIGITALT NEJ\" src=\"https:\/\/estaticos.prensaescrita.com\/imagenes\/dig-no.jpg\" alt=\"N\" width=\"13\" height=\"13\"><\/td>\n<\/tr>\n<\/tbody>\n<\/table>\n<\/td>\n<td width=\"150\"><span style=\"font-family: tahoma; font-size: medium;\"><b>CEUTA NYHEDER<\/b><\/span><\/td>\n<td width=\"94\"><span style=\"font-family: verdana; font-size: medium;\"><strong>Ceuta<\/strong><\/span><\/td>\n<td width=\"162\"><span style=\"font-family: verdana; font-size: medium;\"><a href=\"https:\/\/www.ceutaactualidad.com\" target=\"_blank\" rel=\"nofollow noopener\">ceutaactualidad.co&#8230;<\/a><\/span><\/td>\n<\/tr>\n<tr>\n<td width=\"20\">\n<table border=\"0\" cellspacing=\"1\">\n<tbody>\n<tr>\n<td><img loading=\"lazy\" decoding=\"async\" title=\"DIGITALT NEJ\" src=\"https:\/\/estaticos.prensaescrita.com\/imagenes\/dig-no.jpg\" alt=\"N\" width=\"13\" height=\"13\"><\/td>\n<\/tr>\n<\/tbody>\n<\/table>\n<\/td>\n<td width=\"150\"><span style=\"font-family: tahoma; font-size: medium;\"><b>EL PERI\u00d3DICO DE CEUTA<\/b><\/span><\/td>\n<td width=\"94\"><span style=\"font-family: verdana; font-size: medium;\"><strong>Ceuta<\/strong><\/span><\/td>\n<td width=\"162\"><span style=\"font-family: verdana; font-size: medium;\"><a href=\"https:\/\/www.elperiodicodeceuta.es\" target=\"_blank\" rel=\"nofollow noopener\">elperiodicodeceuta&#8230;<\/a><\/span><\/td>\n<\/tr>\n<tr>\n<td colspan=\"4\" bgcolor=\"#D3DCDC\">\n<h2>Melilla<\/h2>\n<\/td>\n<\/tr>\n<tr>\n<td width=\"20\">\n<table border=\"0\" cellspacing=\"1\">\n<tbody>\n<tr>\n<td><img loading=\"lazy\" decoding=\"async\" title=\"DIGITALT NEJ\" src=\"https:\/\/estaticos.prensaescrita.com\/imagenes\/dig-no.jpg\" alt=\"N\" width=\"13\" height=\"13\"><\/td>\n<\/tr>\n<\/tbody>\n<\/table>\n<\/td>\n<td width=\"150\"><span style=\"font-family: tahoma; font-size: medium;\"><b>FORLYGTEN<\/b><\/span><\/td>\n<td width=\"94\"><span style=\"font-family: verdana; font-size: medium;\"><strong>Melilla<\/strong><\/span><\/td>\n<td width=\"162\"><span style=\"font-family: verdana; font-size: medium;\"><a href=\"https:\/\/www.elfarodemelilla.es\" target=\"_blank\" rel=\"nofollow noopener\">elfarodemelilla.es<\/a><\/span><\/td>\n<\/tr>\n<tr>\n<td width=\"20\">\n<table border=\"0\" cellspacing=\"1\">\n<tbody>\n<tr>\n<td><img loading=\"lazy\" decoding=\"async\" title=\"DIGITALT NEJ\" src=\"https:\/\/estaticos.prensaescrita.com\/imagenes\/dig-no.jpg\" alt=\"N\" width=\"13\" height=\"13\"><\/td>\n<\/tr>\n<\/tbody>\n<\/table>\n<\/td>\n<td width=\"150\"><span style=\"font-family: tahoma; font-size: medium;\"><b>TVILLING I DAG<\/b><\/span><\/td>\n<td width=\"94\"><span style=\"font-family: verdana; font-size: medium;\"><strong>Melilla<\/strong><\/span><\/td>\n<td width=\"162\"><span style=\"font-family: verdana; font-size: medium;\"><a href=\"https:\/\/www.melillahoy.es\" target=\"_blank\" rel=\"nofollow noopener\">melillahoy.es<\/a><\/span><\/td>\n<\/tr>\n<\/tbody>\n<\/table>\n<p><img decoding=\"async\" src=\"https:\/\/prensaescrita.org\/wp-content\/uploads\/2025\/03\/info.jpg\" alt=\"RSS\">  Generel information \u2013 <img decoding=\"async\" src=\"https:\/\/prensaescrita.org\/wp-content\/uploads\/2025\/03\/deporte.jpg\" alt=\"d\u00e6kke\"> Sport\/\u00d8konomi<\/div>\n<hr style=\"border: none; height: 2px; background: linear-gradient(to right, transparent, #000, transparent); margin: 20px 0;\">\n<p><\/p>\n<h2 class=\"concss\">Liste over aviser og aviser i Ceuta og Melilla<\/h2>\n<p><\/p>\n<div class=\"estilo1\">Hvis du leder efter opdateret information om aviser i Ceuta og Melilla, er du kommet til det rette sted. I denne tabel finder du en komplet liste over aviserne i Ceuta og Melilla, samt den mest fremtr\u00e6dende presse i Ceuta og Melilla i dag. I Ceuta er nogle af de mest anerkendte aviser El Faro de Ceuta, en avis med en lang historie i regionen, der har etableret sig som en p\u00e5lidelig kilde til lokal information. En anden vigtig avis i byen er ABC de Ceuta, som tilbyder udt\u00f8mmende d\u00e6kning af de mest relevante begivenheder i omr\u00e5det.  <\/p>\n<p>I Melilla skiller aviser som El Telegrama de Melilla sig ud, et medie, der har opn\u00e5et l\u00e6sernes tillid takket v\u00e6re sin journalistiske stringens og engagement i sandheden. En anden relevant avis i byen er Melilla Hoy, der har positioneret sig som en reference i den lokale presse for sin komplette d\u00e6kning af de vigtigste begivenheder i regionen. <\/p>\n<p>Ud over disse aviser finder vi i Ceuta og Melilla ogs\u00e5 digitale publikationer, der vinder mere og mere relevans i medielandskabet. Medier som Ceuta Actualidad eller Melilla Digital tilbyder smidig og opdateret d\u00e6kning af lokale nyheder og tilpasser sig nye tendenser i nyhedsforbruget. <\/p>\n<p>Sammenfattende er pressen i Ceuta og Melilla varieret og mangfoldig, hvilket giver borgerne en bred vifte af muligheder for at holde sig informeret om, hvad der sker i deres respektive byer. Uanset om det er gennem traditionelle aviser eller digitale medier, er information tilg\u00e6ngelig for alle i disse to regioner i Spanien. <\/p>\n<\/div>\n","protected":false},"excerpt":{"rendered":"<p>Ceuta FORLYGTEN Ceuta elfarodeceuta.es CEUTA OPDATERET Ceuta ceutaldia.com FOLKET Ceuta elpueblodeceuta.es SANDHEDEN OM CEUTA Ceuta laverdaddeceuta.co&#8230; CEUTA NYHEDER Ceuta ceutaactualidad.co&#8230; EL PERI\u00d3DICO DE CEUTA Ceuta elperiodicodeceuta&#8230; Melilla FORLYGTEN Melilla elfarodemelilla.es TVILLING I DAG Melilla melillahoy.es Generel information \u2013 Sport\/\u00d8konomi Liste over aviser og aviser i Ceuta og Melilla Hvis du leder efter opdateret information om &#8230; <a title=\"Aviser og aviser i Ceuta og Melilla\" class=\"read-more\" href=\"https:\/\/prensaescrita.org\/da\/aviser-og-aviser-i-spanien\/aviser-og-aviser-i-ceuta-og-melilla\/\" aria-label=\"Read more about Aviser og aviser i Ceuta og Melilla\">L\u00e6s Mere<\/a><\/p>\n","protected":false},"author":1,"featured_media":0,"comment_status":"closed","ping_status":"open","sticky":false,"template":"","format":"standard","meta":{"footnotes":""},"categories":[156],"tags":[],"class_list":["post-3491","post","type-post","status-publish","format-standard","hentry","category-aviser-og-aviser-i-spanien","infinite-scroll-item","generate-columns","tablet-grid-50","mobile-grid-100","grid-parent","grid-33"],"_links":{"self":[{"href":"https:\/\/prensaescrita.org\/da\/wp-json\/wp\/v2\/posts\/3491","targetHints":{"allow":["GET"]}}],"collection":[{"href":"https:\/\/prensaescrita.org\/da\/wp-json\/wp\/v2\/posts"}],"about":[{"href":"https:\/\/prensaescrita.org\/da\/wp-json\/wp\/v2\/types\/post"}],"author":[{"embeddable":true,"href":"https:\/\/prensaescrita.org\/da\/wp-json\/wp\/v2\/users\/1"}],"replies":[{"embeddable":true,"href":"https:\/\/prensaescrita.org\/da\/wp-json\/wp\/v2\/comments?post=3491"}],"version-history":[{"count":0,"href":"https:\/\/prensaescrita.org\/da\/wp-json\/wp\/v2\/posts\/3491\/revisions"}],"wp:attachment":[{"href":"https:\/\/prensaescrita.org\/da\/wp-json\/wp\/v2\/media?parent=3491"}],"wp:term":[{"taxonomy":"category","embeddable":true,"href":"https:\/\/prensaescrita.org\/da\/wp-json\/wp\/v2\/categories?post=3491"},{"taxonomy":"post_tag","embeddable":true,"href":"https:\/\/prensaescrita.org\/da\/wp-json\/wp\/v2\/tags?post=3491"}],"curies":[{"name":"wp","href":"https:\/\/api.w.org\/{rel}","templated":true}]}}