{"id":3424,"date":"2025-02-28T13:41:00","date_gmt":"2025-02-28T13:41:00","guid":{"rendered":"https:\/\/prensaescrita.org\/sin-categoria\/aviser-og-aviser-i-belgien\/"},"modified":"2025-02-28T13:41:00","modified_gmt":"2025-02-28T13:41:00","slug":"aviser-og-aviser-i-belgien","status":"publish","type":"post","link":"https:\/\/prensaescrita.org\/da\/sin-categoria\/aviser-og-aviser-i-belgien\/","title":{"rendered":"Aviser og aviser i Belgien"},"content":{"rendered":"<div class=\"box-shadow-light\" style=\"margin-bottom: 30px;\">\n<table border=\"0\" width=\"100%\" cellspacing=\"0\" cellpadding=\"2\" bgcolor=\"#ffffff\">\n<tbody>\n<tr>\n<td width=\"20\">\n<table border=\"0\" cellspacing=\"1\">\n<tbody>\n<tr>\n<td><img loading=\"lazy\" decoding=\"async\" title=\"DIGITALT NEJ\" src=\"https:\/\/estaticos.prensaescrita.com\/imagenes\/dig-no.jpg\" alt=\"N\" width=\"13\" height=\"13\"><\/td>\n<\/tr>\n<\/tbody>\n<\/table>\n<\/td>\n<td width=\"150\"><span style=\"font-family: tahoma; font-size: medium;\"><b>HET LAATSTE NIEUWS<\/b><\/span><\/td>\n<td width=\"94\"><span style=\"font-family: verdana; font-size: medium;\"><strong>Bruxelles<\/strong><\/span><\/td>\n<td width=\"162\"><span style=\"font-family: verdana; font-size: medium;\"><a href=\"https:\/\/www.hln.be\" target=\"_blank\" rel=\"nofollow noopener\">hln.be<\/a><\/span><\/td>\n<\/tr>\n<tr>\n<td width=\"20\">\n<table border=\"0\" cellspacing=\"1\">\n<tbody>\n<tr>\n<td><img loading=\"lazy\" decoding=\"async\" title=\"DIGITALT NEJ\" src=\"https:\/\/estaticos.prensaescrita.com\/imagenes\/dig-no.jpg\" alt=\"N\" width=\"13\" height=\"13\"><\/td>\n<\/tr>\n<\/tbody>\n<\/table>\n<\/td>\n<td width=\"150\"><span style=\"font-family: tahoma; font-size: medium;\"><b>HET NIEUWSBLAD<\/b><\/span><\/td>\n<td width=\"94\"><span style=\"font-family: verdana; font-size: medium;\"><strong>Bruxelles<\/strong><\/span><\/td>\n<td width=\"162\"><span style=\"font-family: verdana; font-size: medium;\"><a href=\"https:\/\/www.nieuwsblad.be\" target=\"_blank\" rel=\"nofollow noopener\">nieuwsblad.be<\/a><\/span><\/td>\n<\/tr>\n<tr>\n<td width=\"20\">\n<table border=\"0\" cellspacing=\"1\">\n<tbody>\n<tr>\n<td><img loading=\"lazy\" decoding=\"async\" title=\"DIGITALT NEJ\" src=\"https:\/\/estaticos.prensaescrita.com\/imagenes\/dig-no.jpg\" alt=\"N\" width=\"13\" height=\"13\"><\/td>\n<\/tr>\n<\/tbody>\n<\/table>\n<\/td>\n<td width=\"150\"><span style=\"font-family: tahoma; font-size: medium;\"><b>FRA STANDARD<\/b><\/span><\/td>\n<td width=\"94\"><span style=\"font-family: verdana; font-size: medium;\"><strong>Bruxelles<\/strong><\/span><\/td>\n<td width=\"162\"><span style=\"font-family: verdana; font-size: medium;\"><a href=\"https:\/\/www.standaard.be\" target=\"_blank\" rel=\"nofollow noopener\">standaard.be<\/a><\/span><\/td>\n<\/tr>\n<tr>\n<td width=\"20\">\n<table border=\"0\" cellspacing=\"1\">\n<tbody>\n<tr>\n<td><img loading=\"lazy\" decoding=\"async\" title=\"DIGITALT NEJ\" src=\"https:\/\/estaticos.prensaescrita.com\/imagenes\/dig-no.jpg\" alt=\"N\" width=\"13\" height=\"13\"><\/td>\n<\/tr>\n<\/tbody>\n<\/table>\n<\/td>\n<td width=\"150\"><span style=\"font-family: tahoma; font-size: medium;\"><b>FRA MORGEN<\/b><\/span><\/td>\n<td width=\"94\"><span style=\"font-family: verdana; font-size: medium;\"><strong>Bruxelles<\/strong><\/span><\/td>\n<td width=\"162\"><span style=\"font-family: verdana; font-size: medium;\"><a href=\"https:\/\/www.demorgen.be\" target=\"_blank\" rel=\"nofollow noopener\">demorgen.be<\/a><\/span><\/td>\n<\/tr>\n<tr>\n<td width=\"20\">\n<table border=\"0\" cellspacing=\"1\">\n<tbody>\n<tr>\n<td><img loading=\"lazy\" decoding=\"async\" title=\"DIGITALT NEJ\" src=\"https:\/\/estaticos.prensaescrita.com\/imagenes\/dig-no.jpg\" alt=\"N\" width=\"13\" height=\"13\"><\/td>\n<\/tr>\n<\/tbody>\n<\/table>\n<\/td>\n<td width=\"150\"><span style=\"font-family: tahoma; font-size: medium;\"><b>JEG VED DET<\/b><\/span><\/td>\n<td width=\"94\"><span style=\"font-family: verdana; font-size: medium;\"><strong>Bruxelles<\/strong><\/span><\/td>\n<td width=\"162\"><span style=\"font-family: verdana; font-size: medium;\"><a href=\"http:\/\/www.lesoir.be\" target=\"_blank\" rel=\"nofollow noopener\">lesoir.be<\/a><\/span><\/td>\n<\/tr>\n<tr>\n<td width=\"20\">\n<table border=\"0\" cellspacing=\"1\">\n<tbody>\n<tr>\n<td><img loading=\"lazy\" decoding=\"async\" title=\"DIGITALT NEJ\" src=\"https:\/\/estaticos.prensaescrita.com\/imagenes\/dig-no.jpg\" alt=\"N\" width=\"13\" height=\"13\"><\/td>\n<\/tr>\n<\/tbody>\n<\/table>\n<\/td>\n<td width=\"150\"><span style=\"font-family: tahoma; font-size: medium;\"><b>7SUR7<\/b><\/span><\/td>\n<td width=\"94\"><span style=\"font-family: verdana; font-size: medium;\"><strong>Bruxelles<\/strong><\/span><\/td>\n<td width=\"162\"><span style=\"font-family: verdana; font-size: medium;\"><a href=\"https:\/\/www.7sur7.be\" target=\"_blank\" rel=\"nofollow noopener\">7sur7.be<\/a><\/span><\/td>\n<\/tr>\n<tr>\n<td width=\"20\">\n<table border=\"0\" cellspacing=\"1\">\n<tbody>\n<tr>\n<td><img loading=\"lazy\" decoding=\"async\" title=\"DIGITALT NEJ\" src=\"https:\/\/estaticos.prensaescrita.com\/imagenes\/dig-no.jpg\" alt=\"N\" width=\"13\" height=\"13\"><\/td>\n<\/tr>\n<\/tbody>\n<\/table>\n<\/td>\n<td width=\"150\"><span style=\"font-family: tahoma; font-size: medium;\"><b>DEN FRIE<\/b><\/span><\/td>\n<td width=\"94\"><span style=\"font-family: verdana; font-size: medium;\"><strong>Bruxelles<\/strong><\/span><\/td>\n<td width=\"162\"><span style=\"font-family: verdana; font-size: medium;\"><a href=\"https:\/\/www.lalibre.be\" target=\"_blank\" rel=\"nofollow noopener\">lalibre.be<\/a><\/span><\/td>\n<\/tr>\n<tr>\n<td width=\"20\">\n<table border=\"0\" cellspacing=\"1\">\n<tbody>\n<tr>\n<td><img loading=\"lazy\" decoding=\"async\" title=\"DIGITALT JA\" src=\"https:\/\/prensaescrita.org\/wp-content\/uploads\/2025\/03\/deporte.jpg\" alt=\"S\" width=\"13\" height=\"13\"><\/td>\n<\/tr>\n<\/tbody>\n<\/table>\n<\/td>\n<td width=\"150\"><span style=\"font-family: tahoma; font-size: medium;\"><b>DH<\/b><\/span><\/td>\n<td width=\"94\"><span style=\"font-family: verdana; font-size: medium;\"><strong>Bruxelles<\/strong><\/span><\/td>\n<td width=\"162\"><span style=\"font-family: verdana; font-size: medium;\"><a href=\"https:\/\/www.dhnet.be\" target=\"_blank\" rel=\"nofollow noopener\">dhnet.be<\/a><\/span><\/td>\n<\/tr>\n<tr>\n<td width=\"20\">\n<table border=\"0\" cellspacing=\"1\">\n<tbody>\n<tr>\n<td><img loading=\"lazy\" decoding=\"async\" title=\"DIGITALT NEJ\" src=\"https:\/\/estaticos.prensaescrita.com\/imagenes\/dig-no.jpg\" alt=\"N\" width=\"13\" height=\"13\"><\/td>\n<\/tr>\n<\/tbody>\n<\/table>\n<\/td>\n<td width=\"150\"><span style=\"font-family: tahoma; font-size: medium;\"><b>GAZET VAN ANTWERPEN<\/b><\/span><\/td>\n<td width=\"94\"><span style=\"font-family: verdana; font-size: medium;\"><strong>Antwerpen<\/strong><\/span><\/td>\n<td width=\"162\"><span style=\"font-family: verdana; font-size: medium;\"><a href=\"http:\/\/www.gva.be\" target=\"_blank\" rel=\"nofollow noopener\">gva.be<\/a><\/span><\/td>\n<\/tr>\n<tr>\n<td width=\"20\">\n<table border=\"0\" cellspacing=\"1\">\n<tbody>\n<tr>\n<td><img loading=\"lazy\" decoding=\"async\" title=\"DIGITALT NEJ\" src=\"https:\/\/estaticos.prensaescrita.com\/imagenes\/dig-no.jpg\" alt=\"N\" width=\"13\" height=\"13\"><\/td>\n<\/tr>\n<\/tbody>\n<\/table>\n<\/td>\n<td width=\"150\"><span style=\"font-family: tahoma; font-size: medium;\"><b>SUDINFO<\/b><\/span><\/td>\n<td width=\"94\"><span style=\"font-family: verdana; font-size: medium;\"><strong>Namur<\/strong><\/span><\/td>\n<td width=\"162\"><span style=\"font-family: verdana; font-size: medium;\"><a href=\"https:\/\/www.sudinfo.be\" target=\"_blank\" rel=\"nofollow noopener\">sudinfo.be<\/a><\/span><\/td>\n<\/tr>\n<tr>\n<td width=\"20\">\n<table border=\"0\" cellspacing=\"1\">\n<tbody>\n<tr>\n<td><img loading=\"lazy\" decoding=\"async\" title=\"DIGITALT NEJ\" src=\"https:\/\/estaticos.prensaescrita.com\/imagenes\/dig-no.jpg\" alt=\"N\" width=\"13\" height=\"13\"><\/td>\n<\/tr>\n<\/tbody>\n<\/table>\n<\/td>\n<td width=\"150\"><span style=\"font-family: tahoma; font-size: medium;\"><b>L\u2019AVENIR<\/b><\/span><\/td>\n<td width=\"94\"><span style=\"font-family: verdana; font-size: medium;\"><strong>Namur<\/strong><\/span><\/td>\n<td width=\"162\"><span style=\"font-family: verdana; font-size: medium;\"><a href=\"http:\/\/www.lavenir.net\" target=\"_blank\" rel=\"nofollow noopener\">lavenir.net<\/a><\/span><\/td>\n<\/tr>\n<tr>\n<td width=\"20\">\n<table border=\"0\" cellspacing=\"1\">\n<tbody>\n<tr>\n<td><img loading=\"lazy\" decoding=\"async\" title=\"DIGITALT NEJ\" src=\"https:\/\/estaticos.prensaescrita.com\/imagenes\/dig-no.jpg\" alt=\"N\" width=\"13\" height=\"13\"><\/td>\n<\/tr>\n<\/tbody>\n<\/table>\n<\/td>\n<td width=\"150\"><span style=\"font-family: tahoma; font-size: medium;\"><b>HET BELANG VAN LIMBURG<\/b><\/span><\/td>\n<td width=\"94\"><span style=\"font-family: verdana; font-size: medium;\"><strong>Hasselt<\/strong><\/span><\/td>\n<td width=\"162\"><span style=\"font-family: verdana; font-size: medium;\"><a href=\"http:\/\/www.hbvl.be\" target=\"_blank\" rel=\"nofollow noopener\">hbvl.be<\/a><\/span><\/td>\n<\/tr>\n<\/tbody>\n<\/table>\n<\/div>\n<p><img decoding=\"async\" src=\"https:\/\/prensaescrita.org\/wp-content\/uploads\/2025\/03\/info.jpg\" alt=\"RSS\">  Generel information \u2013 <img decoding=\"async\" src=\"https:\/\/prensaescrita.org\/wp-content\/uploads\/2025\/03\/deporte.jpg\" alt=\"d\u00e6kke\"> Sport\/\u00d8konomi<\/p>\n<hr style=\"border: none; height: 2px; background: linear-gradient(to right, transparent, #000, transparent); margin: 20px 0;\">\n<h2 class=\"concss\">Liste over aviser og aviser i Belgien<\/h2>\n<div class=\"estilo1\">I nutidens digitale tidsalder er det vigtigt at holde sig orienteret om aktuelle begivenheder. For dem, der er interesseret i nyheder fra Europa, er belgiske aviser en fremragende kilde til p\u00e5lidelig og opdateret information. P\u00e5 denne side har vi samlet en detaljeret liste over de mest anerkendte aviser i Belgien, som omfatter b\u00e5de publikationer p\u00e5 fransk og flamsk, de to officielle sprog i landet. Belgiens aviser er kendt for deres journalistik af h\u00f8j kvalitet og engagement i objektivitet. De er ofte den f\u00f8rste kilde til lokale, nationale og internationale nyheder for belgiere, og mange af dem har et bredt online publikum, der str\u00e6kker sig ud over landets gr\u00e6nser. Aviser i Belgien d\u00e6kker en bred vifte af emner, fra politik og \u00f8konomi til kultur og sport, og s\u00f8rger for, at der er noget af interesse for alle l\u00e6sere. Den ledsagende liste omfatter nogle af de mest prestigefyldte aviser i Belgien. Blandt dem er \u2018Le Soir\u2019, en af de mest l\u00e6ste aviser i den fransktalende region i Belgien, kendt for sin dybdeg\u00e5ende unders\u00f8gende journalistik og detaljerede d\u00e6kning af belgisk og europ\u00e6isk politik. I den flamske region er \u2018De Standaard\u2019 en f\u00f8rende avis, der er v\u00e6rdsat for sin dybdeg\u00e5ende tilgang og kritiske analyse af aktuelle sp\u00f8rgsm\u00e5l.      <\/p>\n<p>Ud over disse er der ogs\u00e5 en r\u00e6kke specialiserede aviser i Belgien, der fokuserer p\u00e5 specifikke omr\u00e5der som forretning, teknologi og sport. Disse tidsskrifter tilbyder et dybdeg\u00e5ende kig p\u00e5 deres respektive omr\u00e5der og giver nyheder, analyser og kommentarer, der er s\u00e6rligt nyttige for fagfolk og entusiaster i disse brancher. <\/p>\n<p>Nogle af aviserne i Belgien tilbyder ogs\u00e5 indhold p\u00e5 engelsk, hvilket g\u00f8r dem tilg\u00e6ngelige for et internationalt publikum. Dette omfatter \u2018The Brussels Times\u2019, en engelsksproget avis, der d\u00e6kker nyheder fra Belgien og EU med fokus p\u00e5 politiske, forretningsm\u00e6ssige og kulturelle sp\u00f8rgsm\u00e5l. <\/p>\n<p>Den belgiske presse spiller en afg\u00f8rende rolle i det belgiske samfund, idet den udg\u00f8r et forum for offentlig debat og holder borgerne informeret om aktuelle begivenheder. Uanset om du leder efter nyheder, dybdeg\u00e5ende analyser eller bare \u00f8nsker at f\u00f8lge med i, hvad der sker i Belgien, er disse aviser en p\u00e5lidelig og v\u00e6rdifuld kilde til information. <\/p>\n<p>Kort sagt er Belgiens aviser en vigtig del af det europ\u00e6iske medielandskab og tilbyder en mangfoldighed af perspektiver og et detaljeringsniveau, der er sv\u00e6rt at matche. Uanset om du er interesseret i politik, \u00f8konomi, kultur eller sport, kan du finde noget af interesse p\u00e5 vores liste over belgiske aviser. God l\u00e6selyst!  <\/p>\n<\/div>\n","protected":false},"excerpt":{"rendered":"<p>HET LAATSTE NIEUWS Bruxelles hln.be HET NIEUWSBLAD Bruxelles nieuwsblad.be FRA STANDARD Bruxelles standaard.be FRA MORGEN Bruxelles demorgen.be JEG VED DET Bruxelles lesoir.be 7SUR7 Bruxelles 7sur7.be DEN FRIE Bruxelles lalibre.be DH Bruxelles dhnet.be GAZET VAN ANTWERPEN Antwerpen gva.be SUDINFO Namur sudinfo.be L\u2019AVENIR Namur lavenir.net HET BELANG VAN LIMBURG Hasselt hbvl.be Generel information \u2013 Sport\/\u00d8konomi Liste over &#8230; <a title=\"Aviser og aviser i Belgien\" class=\"read-more\" href=\"https:\/\/prensaescrita.org\/da\/sin-categoria\/aviser-og-aviser-i-belgien\/\" aria-label=\"Read more about Aviser og aviser i Belgien\">L\u00e6s Mere<\/a><\/p>\n","protected":false},"author":1,"featured_media":0,"comment_status":"closed","ping_status":"closed","sticky":false,"template":"","format":"standard","meta":{"footnotes":""},"categories":[],"tags":[],"class_list":["post-3424","post","type-post","status-publish","format-standard","hentry","infinite-scroll-item","generate-columns","tablet-grid-50","mobile-grid-100","grid-parent","grid-33"],"_links":{"self":[{"href":"https:\/\/prensaescrita.org\/da\/wp-json\/wp\/v2\/posts\/3424","targetHints":{"allow":["GET"]}}],"collection":[{"href":"https:\/\/prensaescrita.org\/da\/wp-json\/wp\/v2\/posts"}],"about":[{"href":"https:\/\/prensaescrita.org\/da\/wp-json\/wp\/v2\/types\/post"}],"author":[{"embeddable":true,"href":"https:\/\/prensaescrita.org\/da\/wp-json\/wp\/v2\/users\/1"}],"replies":[{"embeddable":true,"href":"https:\/\/prensaescrita.org\/da\/wp-json\/wp\/v2\/comments?post=3424"}],"version-history":[{"count":0,"href":"https:\/\/prensaescrita.org\/da\/wp-json\/wp\/v2\/posts\/3424\/revisions"}],"wp:attachment":[{"href":"https:\/\/prensaescrita.org\/da\/wp-json\/wp\/v2\/media?parent=3424"}],"wp:term":[{"taxonomy":"category","embeddable":true,"href":"https:\/\/prensaescrita.org\/da\/wp-json\/wp\/v2\/categories?post=3424"},{"taxonomy":"post_tag","embeddable":true,"href":"https:\/\/prensaescrita.org\/da\/wp-json\/wp\/v2\/tags?post=3424"}],"curies":[{"name":"wp","href":"https:\/\/api.w.org\/{rel}","templated":true}]}}