{"id":3334,"date":"2025-03-03T17:46:59","date_gmt":"2025-03-03T17:46:59","guid":{"rendered":"https:\/\/prensaescrita.org\/sin-categoria\/aviser-og-aviser-i-bosnien-hercegovina\/"},"modified":"2025-03-18T12:12:45","modified_gmt":"2025-03-18T12:12:45","slug":"aviser-og-aviser-i-bosnien-hercegovina","status":"publish","type":"post","link":"https:\/\/prensaescrita.org\/da\/europa-da\/aviser-og-aviser-i-bosnien-hercegovina\/","title":{"rendered":"Aviser og aviser i Bosnien-Hercegovina"},"content":{"rendered":"<div class=\"prensa-grid-container\"><div class=\"prensa-row\" itemscope itemtype=\"https:\/\/schema.org\/Organization\">  <div class=\"prensa-col-icon\"><img src=\"https:\/\/prensaescrita.org\/wp-content\/uploads\/2025\/03\/info.jpg\" alt=\"Diario\" width=\"13\" height=\"13\"><\/div>  <div class=\"prensa-col-name\" itemprop=\"name\"><strong>DNEVNI AVAZ<\/strong><\/div>  <div class=\"prensa-col-place\">Sarajevo<\/div>  <div class=\"prensa-col-url\"><a href=\"http:\/\/www.avaz.ba\" target=\"_blank\" rel=\"nofollow noopener\" itemprop=\"url\">avaz.ba<\/a><\/div><\/div><div class=\"prensa-row\" itemscope itemtype=\"https:\/\/schema.org\/Organization\">  <div class=\"prensa-col-icon\"><img src=\"https:\/\/prensaescrita.org\/wp-content\/uploads\/2025\/03\/info.jpg\" alt=\"Diario\" width=\"13\" height=\"13\"><\/div>  <div class=\"prensa-col-name\" itemprop=\"name\"><strong>OSLOBODENJE<\/strong><\/div>  <div class=\"prensa-col-place\">Sarajevo<\/div>  <div class=\"prensa-col-url\"><a href=\"http:\/\/www.oslobodjenje.ba\" target=\"_blank\" rel=\"nofollow noopener\" itemprop=\"url\">oslobodjenje.ba<\/a><\/div><\/div><div class=\"prensa-row\" itemscope itemtype=\"https:\/\/schema.org\/Organization\">  <div class=\"prensa-col-icon\"><img src=\"https:\/\/prensaescrita.org\/wp-content\/uploads\/2025\/03\/info.jpg\" alt=\"Diario\" width=\"13\" height=\"13\"><\/div>  <div class=\"prensa-col-name\" itemprop=\"name\"><strong>DNEVNI-LISTE<\/strong><\/div>  <div class=\"prensa-col-place\">Sarajevo<\/div>  <div class=\"prensa-col-url\"><a href=\"http:\/\/www.dnevni-list.ba\" target=\"_blank\" rel=\"nofollow noopener\" itemprop=\"url\">dnevni-list.ba<\/a><\/div><\/div><div class=\"prensa-row\" itemscope itemtype=\"https:\/\/schema.org\/Organization\">  <div class=\"prensa-col-icon\"><img src=\"https:\/\/prensaescrita.org\/wp-content\/uploads\/2025\/03\/info.jpg\" alt=\"Diario\" width=\"13\" height=\"13\"><\/div>  <div class=\"prensa-col-name\" itemprop=\"name\"><strong>NEZAVISNE NOVINE<\/strong><\/div>  <div class=\"prensa-col-place\">Banya Luka<\/div>  <div class=\"prensa-col-url\"><a href=\"http:\/\/www.nezavisne.com\" target=\"_blank\" rel=\"nofollow noopener\" itemprop=\"url\">nezavisne.com<\/a><\/div><\/div><div class=\"prensa-row\" itemscope itemtype=\"https:\/\/schema.org\/Organization\">  <div class=\"prensa-col-icon\"><img src=\"https:\/\/prensaescrita.org\/wp-content\/uploads\/2025\/03\/info.jpg\" alt=\"Diario\" width=\"13\" height=\"13\"><\/div>  <div class=\"prensa-col-name\" itemprop=\"name\"><strong>GLAS SRPSKI<\/strong><\/div>  <div class=\"prensa-col-place\">Banya Luka<\/div>  <div class=\"prensa-col-url\"><a href=\"http:\/\/www.glassrpske.com\" target=\"_blank\" rel=\"nofollow noopener\" itemprop=\"url\">glassrpske.com<\/a><\/div><\/div><\/div>\n<hr style=\"border: none; height: 2px; background: linear-gradient(to right, transparent, #000, transparent); margin: 20px 0;\">\n<p><\/p>\n<h2 class=\"concss\">Liste over aviser og tidsskrifter i Bosnien-Hercegovina<\/h2>\n<p><\/p>\n<div class=\"estilo1\">I nutidens digitale tidsalder spiller aviser i Bosnien-Hercegovina fortsat en afg\u00f8rende rolle i at forme den offentlige mening og formidle vigtige nyheder. Med en rig journalistisk tradition har medierne i dette Balkanland best\u00e5et tidens tand og tilpasset sig deres l\u00e6seres skiftende omst\u00e6ndigheder og behov. Denne artikel vil give v\u00e6rdifuld information om de forskellige aviser i Bosnien-Hercegovina og give et omfattende overblik over pressen i denne pulserende nation. Bosnien-Hercegovinas aviser er en uvurderlig kilde til lokal, regional og international information. Disse medier, som omfatter b\u00e5de trykte og digitale, behandler en bred vifte af emner, fra politik og \u00f8konomi til kultur og sport. Derudover tilbyder mange af disse aviser ogs\u00e5 dybdeg\u00e5ende perspektiver og analyser af de seneste begivenheder, hvilket hj\u00e6lper l\u00e6serne med bedre at forst\u00e5 konteksten og implikationerne af nyhederne.    <\/p>\n<p>Nogle af de mest fremtr\u00e6dende dagblade i Bosnien-Hercegovina er Dnevni Avaz, Oslobodenje og Nezavisne Novine. Disse aviser er ikke kun anerkendt for deres omfattende nyhedsd\u00e6kning, men ogs\u00e5 for deres engagement i etisk journalistik og kvalitetsjournalistik. De har teams af erfarne og dedikerede journalister, der arbejder utr\u00e6tteligt for at give l\u00e6serne pr\u00e6cise og opdaterede nyheder.  <\/p>\n<p>Ud over de nationale aviser er der ogs\u00e5 flere dagblade i Bosnien-Hercegovina, der fokuserer p\u00e5 lokale og regionale nyheder. Disse aviser, s\u00e5som Glas Srpske og Hercegovacke Novine, spiller en afg\u00f8rende rolle i d\u00e6kningen af emner, der er s\u00e6rligt relevante for deres respektive samfund. De giver et unikt indblik i lokale begivenheder og problemstillinger og giver et perspektiv, der ofte overses i nationale og internationale medier.  <\/p>\n<p>Pressen i Bosnien-Hercegovina er ogs\u00e5 kendetegnet ved sin sproglige mangfoldighed. Da landet er hjemsted for flere etniske samfund, udgives mange aviser p\u00e5 forskellige sprog, herunder bosnisk, serbisk og kroatisk. Denne sproglige mangfoldighed afspejler Bosnien-Hercegovinas rige kulturelle blanding og g\u00f8r det muligt for aviser at n\u00e5 ud til en bred vifte af l\u00e6sere.  <\/p>\n<p>Kort sagt er Bosnien-Hercegovinas aviser en integreret del af landets medielandskab. Uanset om du leder efter de seneste nationale nyheder, en lokal indsigt eller dybdeg\u00e5ende analyser, er du sikker p\u00e5 at finde en daglig avis i Bosnien-Hercegovina, der passer til dine behov. S\u00f8rg for at tage et kig p\u00e5 den vedh\u00e6ftede tabel for en komplet liste over de aviser, der er tilg\u00e6ngelige i dette fascinerende land.  <\/p>\n<\/div>\n","protected":false},"excerpt":{"rendered":"<p>DNEVNI AVAZ Sarajevo avaz.ba OSLOBODENJE Sarajevo oslobodjenje.ba DNEVNI-LISTE Sarajevo dnevni-list.ba NEZAVISNE NOVINE Banya Luka nezavisne.com GLAS SRPSKI Banya Luka glassrpske.com Liste over aviser og tidsskrifter i Bosnien-Hercegovina I nutidens digitale tidsalder spiller aviser i Bosnien-Hercegovina fortsat en afg\u00f8rende rolle i at forme den offentlige mening og formidle vigtige nyheder. Med en rig journalistisk tradition har &#8230; <a title=\"Aviser og aviser i Bosnien-Hercegovina\" class=\"read-more\" href=\"https:\/\/prensaescrita.org\/da\/europa-da\/aviser-og-aviser-i-bosnien-hercegovina\/\" aria-label=\"Read more about Aviser og aviser i Bosnien-Hercegovina\">L\u00e6s Mere<\/a><\/p>\n","protected":false},"author":1,"featured_media":0,"comment_status":"closed","ping_status":"open","sticky":false,"template":"","format":"standard","meta":{"footnotes":""},"categories":[168],"tags":[],"class_list":["post-3334","post","type-post","status-publish","format-standard","hentry","category-europa-da","infinite-scroll-item","generate-columns","tablet-grid-50","mobile-grid-100","grid-parent","grid-33"],"_links":{"self":[{"href":"https:\/\/prensaescrita.org\/da\/wp-json\/wp\/v2\/posts\/3334","targetHints":{"allow":["GET"]}}],"collection":[{"href":"https:\/\/prensaescrita.org\/da\/wp-json\/wp\/v2\/posts"}],"about":[{"href":"https:\/\/prensaescrita.org\/da\/wp-json\/wp\/v2\/types\/post"}],"author":[{"embeddable":true,"href":"https:\/\/prensaescrita.org\/da\/wp-json\/wp\/v2\/users\/1"}],"replies":[{"embeddable":true,"href":"https:\/\/prensaescrita.org\/da\/wp-json\/wp\/v2\/comments?post=3334"}],"version-history":[{"count":1,"href":"https:\/\/prensaescrita.org\/da\/wp-json\/wp\/v2\/posts\/3334\/revisions"}],"predecessor-version":[{"id":4233,"href":"https:\/\/prensaescrita.org\/da\/wp-json\/wp\/v2\/posts\/3334\/revisions\/4233"}],"wp:attachment":[{"href":"https:\/\/prensaescrita.org\/da\/wp-json\/wp\/v2\/media?parent=3334"}],"wp:term":[{"taxonomy":"category","embeddable":true,"href":"https:\/\/prensaescrita.org\/da\/wp-json\/wp\/v2\/categories?post=3334"},{"taxonomy":"post_tag","embeddable":true,"href":"https:\/\/prensaescrita.org\/da\/wp-json\/wp\/v2\/tags?post=3334"}],"curies":[{"name":"wp","href":"https:\/\/api.w.org\/{rel}","templated":true}]}}