{"id":3299,"date":"2025-03-03T17:32:06","date_gmt":"2025-03-03T17:32:06","guid":{"rendered":"https:\/\/prensaescrita.org\/sin-categoria\/aviser-og-aviser-i-schweiz\/"},"modified":"2025-03-18T12:12:33","modified_gmt":"2025-03-18T12:12:33","slug":"aviser-og-aviser-i-schweiz","status":"publish","type":"post","link":"https:\/\/prensaescrita.org\/da\/europa-da\/aviser-og-aviser-i-schweiz\/","title":{"rendered":"Aviser og aviser i Schweiz"},"content":{"rendered":"<div class=\"prensa-grid-container\"><div class=\"prensa-row\" itemscope itemtype=\"https:\/\/schema.org\/Organization\">  <div class=\"prensa-col-icon\"><img src=\"https:\/\/prensaescrita.org\/wp-content\/uploads\/2025\/03\/info.jpg\" alt=\"Diario\" width=\"13\" height=\"13\"><\/div>  <div class=\"prensa-col-name\" itemprop=\"name\"><strong>NEUE Z\u00dcRCHER ZEITUNG<\/strong><\/div>  <div class=\"prensa-col-place\">Z\u00fcrich<\/div>  <div class=\"prensa-col-url\"><a href=\"http:\/\/www.nzz.ch\" target=\"_blank\" rel=\"nofollow noopener\" itemprop=\"url\">nzz.ch<\/a><\/div><\/div><div class=\"prensa-row\" itemscope itemtype=\"https:\/\/schema.org\/Organization\">  <div class=\"prensa-col-icon\"><img src=\"https:\/\/prensaescrita.org\/wp-content\/uploads\/2025\/03\/info.jpg\" alt=\"Diario\" width=\"13\" height=\"13\"><\/div>  <div class=\"prensa-col-name\" itemprop=\"name\"><strong>BLICK<\/strong><\/div>  <div class=\"prensa-col-place\">Z\u00fcrich<\/div>  <div class=\"prensa-col-url\"><a href=\"http:\/\/www.blick.ch\" target=\"_blank\" rel=\"nofollow noopener\" itemprop=\"url\">blick.ch<\/a><\/div><\/div><div class=\"prensa-row\" itemscope itemtype=\"https:\/\/schema.org\/Organization\">  <div class=\"prensa-col-icon\"><img src=\"https:\/\/prensaescrita.org\/wp-content\/uploads\/2025\/03\/info.jpg\" alt=\"Diario\" width=\"13\" height=\"13\"><\/div>  <div class=\"prensa-col-name\" itemprop=\"name\"><strong>TAGES ANZEIGER<\/strong><\/div>  <div class=\"prensa-col-place\">Z\u00fcrich<\/div>  <div class=\"prensa-col-url\"><a href=\"http:\/\/www.tagesanzeiger.ch\" target=\"_blank\" rel=\"nofollow noopener\" itemprop=\"url\">tagesanzeiger.ch<\/a><\/div><\/div><div class=\"prensa-row\" itemscope itemtype=\"https:\/\/schema.org\/Organization\">  <div class=\"prensa-col-icon\"><img src=\"https:\/\/prensaescrita.org\/wp-content\/uploads\/2025\/03\/info.jpg\" alt=\"Diario\" width=\"13\" height=\"13\"><\/div>  <div class=\"prensa-col-name\" itemprop=\"name\"><strong>20 MINUTTER<\/strong><\/div>  <div class=\"prensa-col-place\">Z\u00fcrich<\/div>  <div class=\"prensa-col-url\"><a href=\"http:\/\/www.20min.ch\" target=\"_blank\" rel=\"nofollow noopener\" itemprop=\"url\">20min.ch<\/a><\/div><\/div><div class=\"prensa-row\" itemscope itemtype=\"https:\/\/schema.org\/Organization\">  <div class=\"prensa-col-icon\"><img src=\"https:\/\/prensaescrita.org\/wp-content\/uploads\/2025\/03\/info.jpg\" alt=\"Diario\" width=\"13\" height=\"13\"><\/div>  <div class=\"prensa-col-name\" itemprop=\"name\"><strong>BERNER ZEITUNG<\/strong><\/div>  <div class=\"prensa-col-place\">Berne<\/div>  <div class=\"prensa-col-url\"><a href=\"http:\/\/www.bernerzeitung.ch\" target=\"_blank\" rel=\"nofollow noopener\" itemprop=\"url\">bernerzeitung.ch<\/a><\/div><\/div><div class=\"prensa-row\" itemscope itemtype=\"https:\/\/schema.org\/Organization\">  <div class=\"prensa-col-icon\"><img src=\"https:\/\/prensaescrita.org\/wp-content\/uploads\/2025\/03\/info.jpg\" alt=\"Diario\" width=\"13\" height=\"13\"><\/div>  <div class=\"prensa-col-name\" itemprop=\"name\"><strong>BASLER ZEITUNG<\/strong><\/div>  <div class=\"prensa-col-place\">Basel<\/div>  <div class=\"prensa-col-url\"><a href=\"https:\/\/www.bazonline.ch\" target=\"_blank\" rel=\"nofollow noopener\" itemprop=\"url\">bazonline.ch<\/a><\/div><\/div><div class=\"prensa-row\" itemscope itemtype=\"https:\/\/schema.org\/Organization\">  <div class=\"prensa-col-icon\"><img src=\"https:\/\/prensaescrita.org\/wp-content\/uploads\/2025\/03\/info.jpg\" alt=\"Diario\" width=\"13\" height=\"13\"><\/div>  <div class=\"prensa-col-name\" itemprop=\"name\"><strong>AARGAUER ZEITUNG<\/strong><\/div>  <div class=\"prensa-col-place\">Aarau<\/div>  <div class=\"prensa-col-url\"><a href=\"http:\/\/www.aargauerzeitung.ch\" target=\"_blank\" rel=\"nofollow noopener\" itemprop=\"url\">aargauerzeitung.ch<\/a><\/div><\/div><\/div>\n<hr style=\"border: none; height: 2px; background: linear-gradient(to right, transparent, #000, transparent); margin: 20px 0;\">\n<p><\/p>\n<h2 class=\"concss\">Liste over aviser og aviser i Schweiz<\/h2>\n<p><\/p>\n<div class=\"estilo1\">Schweiz\u2019 aviser er en vigtig kilde til nyheder og opdateringer for landets borgere og for dem, der er interesseret i begivenhederne i denne europ\u00e6iske nation. Schweiz, der er kendt for sin neutralitet, pr\u00e6cisionen af sine ure og kvaliteten af sine chokolader, er ogs\u00e5 kendt for sin frie og mangfoldige presse. Landet har et stort antal aviser og magasiner, der d\u00e6kker en bred vifte af emner, fra politik og \u00f8konomi til sport og kultur. P\u00e5 denne side pr\u00e6senterer vi dig for en tabel med en liste over de mest relevante aviser i Schweiz.At udforske Schweiz\u2019 aviser giver et unikt indblik i det schweiziske samfund, dets politiske system og dets \u00f8konomiske bekymringer. Derudover har mange af disse aviser en lang historie og tradition, der afspejler landets udvikling gennem \u00e5rene. Nogle aviser i Schweiz har et nationalt oplag, mens andre fokuserer p\u00e5 regionale nyheder, hvilket bringer et mere lokalt og t\u00e6ttere perspektiv til l\u00e6serne.     <\/p>\n<p>Pressen i Schweiz er kendt for sin objektivitet og journalistiske stringens. Schweiziske journalister bliver ofte rost for deres evne til at rapportere p\u00e5 en retf\u00e6rdig og afbalanceret m\u00e5de uden at forfalde til sensationalisme. Denne forpligtelse til sandf\u00e6rdighed og n\u00f8jagtighed afspejles i den tillid, som l\u00e6serne har til de schweiziske medier.  <\/p>\n<p>Schweizisk journalistik er mangfoldig med hensyn til sprog og perspektiv. P\u00e5 grund af den sproglige mangfoldighed i Schweiz, som har fire officielle sprog (tysk, fransk, italiensk og r\u00e6toromansk), udgives mange af landets aviser p\u00e5 forskellige sprog. Dette giver l\u00e6sere fra forskellige sprogregioner mulighed for at holde sig informeret og forbundet med, hvad der sker over hele landet.  <\/p>\n<p>Ud over trykte aviser har mange aviser i Schweiz ogs\u00e5 en online tilstedev\u00e6relse, hvilket giver l\u00e6sere over hele verden adgang til deres nyheder og analyser. Uanset om du leder efter de seneste politiske nyheder, sportsresultater, kulturelle tendenser eller \u00f8konomiske opdateringer, har den schweiziske presse noget at byde p\u00e5. <\/p>\n<p>Vores liste over schweiziske aviser er et uvurderligt v\u00e6rkt\u00f8j for dem, der \u00f8nsker at forst\u00e5 dette land, der er rigt p\u00e5 historie og kultur. Ved at udforske de forskellige medier vil du v\u00e6re i stand til at f\u00e5 et komplet og mangfoldigt billede af Schweiz, dets folk og de emner, der betyder noget for dem. Uanset om du er i Schweiz eller hvor som helst i verden, vil du fordybe dig i at l\u00e6se schweiziske aviser bringe dig t\u00e6ttere p\u00e5 virkeligheden i dette fascinerende land.  <\/p>\n<\/div>\n","protected":false},"excerpt":{"rendered":"<p>NEUE Z\u00dcRCHER ZEITUNG Z\u00fcrich nzz.ch BLICK Z\u00fcrich blick.ch TAGES ANZEIGER Z\u00fcrich tagesanzeiger.ch 20 MINUTTER Z\u00fcrich 20min.ch BERNER ZEITUNG Berne bernerzeitung.ch BASLER ZEITUNG Basel bazonline.ch AARGAUER ZEITUNG Aarau aargauerzeitung.ch Liste over aviser og aviser i Schweiz Schweiz\u2019 aviser er en vigtig kilde til nyheder og opdateringer for landets borgere og for dem, der er interesseret i &#8230; <a title=\"Aviser og aviser i Schweiz\" class=\"read-more\" href=\"https:\/\/prensaescrita.org\/da\/europa-da\/aviser-og-aviser-i-schweiz\/\" aria-label=\"Read more about Aviser og aviser i Schweiz\">L\u00e6s Mere<\/a><\/p>\n","protected":false},"author":1,"featured_media":0,"comment_status":"closed","ping_status":"open","sticky":false,"template":"","format":"standard","meta":{"footnotes":""},"categories":[168],"tags":[],"class_list":["post-3299","post","type-post","status-publish","format-standard","hentry","category-europa-da","infinite-scroll-item","generate-columns","tablet-grid-50","mobile-grid-100","grid-parent","grid-33"],"_links":{"self":[{"href":"https:\/\/prensaescrita.org\/da\/wp-json\/wp\/v2\/posts\/3299","targetHints":{"allow":["GET"]}}],"collection":[{"href":"https:\/\/prensaescrita.org\/da\/wp-json\/wp\/v2\/posts"}],"about":[{"href":"https:\/\/prensaescrita.org\/da\/wp-json\/wp\/v2\/types\/post"}],"author":[{"embeddable":true,"href":"https:\/\/prensaescrita.org\/da\/wp-json\/wp\/v2\/users\/1"}],"replies":[{"embeddable":true,"href":"https:\/\/prensaescrita.org\/da\/wp-json\/wp\/v2\/comments?post=3299"}],"version-history":[{"count":1,"href":"https:\/\/prensaescrita.org\/da\/wp-json\/wp\/v2\/posts\/3299\/revisions"}],"predecessor-version":[{"id":4218,"href":"https:\/\/prensaescrita.org\/da\/wp-json\/wp\/v2\/posts\/3299\/revisions\/4218"}],"wp:attachment":[{"href":"https:\/\/prensaescrita.org\/da\/wp-json\/wp\/v2\/media?parent=3299"}],"wp:term":[{"taxonomy":"category","embeddable":true,"href":"https:\/\/prensaescrita.org\/da\/wp-json\/wp\/v2\/categories?post=3299"},{"taxonomy":"post_tag","embeddable":true,"href":"https:\/\/prensaescrita.org\/da\/wp-json\/wp\/v2\/tags?post=3299"}],"curies":[{"name":"wp","href":"https:\/\/api.w.org\/{rel}","templated":true}]}}