{"id":2842,"date":"2025-03-03T18:25:36","date_gmt":"2025-03-03T18:25:36","guid":{"rendered":"https:\/\/prensaescrita.org\/sin-categoria\/aviser-og-aviser-i-serbien\/"},"modified":"2025-03-18T12:13:23","modified_gmt":"2025-03-18T12:13:23","slug":"aviser-og-aviser-i-serbien","status":"publish","type":"post","link":"https:\/\/prensaescrita.org\/da\/europa-da\/aviser-og-aviser-i-serbien\/","title":{"rendered":"Aviser og aviser i Serbien"},"content":{"rendered":"<div class=\"prensa-grid-container\"><div class=\"prensa-row\" itemscope itemtype=\"https:\/\/schema.org\/Organization\">  <div class=\"prensa-col-icon\"><img src=\"https:\/\/prensaescrita.org\/wp-content\/uploads\/2025\/03\/info.jpg\" alt=\"Diario\" width=\"13\" height=\"13\"><\/div>  <div class=\"prensa-col-name\" itemprop=\"name\"><strong>VECERNJE NOVOSTI<\/strong><\/div>  <div class=\"prensa-col-place\">Beograd<\/div>  <div class=\"prensa-col-url\"><a href=\"http:\/\/www.novosti.rs\" target=\"_blank\" rel=\"nofollow noopener\" itemprop=\"url\">novosti.rs<\/a><\/div><\/div><div class=\"prensa-row\" itemscope itemtype=\"https:\/\/schema.org\/Organization\">  <div class=\"prensa-col-icon\"><img src=\"https:\/\/prensaescrita.org\/wp-content\/uploads\/2025\/03\/info.jpg\" alt=\"Diario\" width=\"13\" height=\"13\"><\/div>  <div class=\"prensa-col-name\" itemprop=\"name\"><strong>BLIC<\/strong><\/div>  <div class=\"prensa-col-place\">Beograd<\/div>  <div class=\"prensa-col-url\"><a href=\"http:\/\/www.blic.rs\" target=\"_blank\" rel=\"nofollow noopener\" itemprop=\"url\">blic.rs<\/a><\/div><\/div><div class=\"prensa-row\" itemscope itemtype=\"https:\/\/schema.org\/Organization\">  <div class=\"prensa-col-icon\"><img src=\"https:\/\/prensaescrita.org\/wp-content\/uploads\/2025\/03\/info.jpg\" alt=\"Diario\" width=\"13\" height=\"13\"><\/div>  <div class=\"prensa-col-name\" itemprop=\"name\"><strong>POLITIKKER<\/strong><\/div>  <div class=\"prensa-col-place\">Beograd<\/div>  <div class=\"prensa-col-url\"><a href=\"http:\/\/www.politika.rs\" target=\"_blank\" rel=\"nofollow noopener\" itemprop=\"url\">politika.rs<\/a><\/div><\/div><div class=\"prensa-row\" itemscope itemtype=\"https:\/\/schema.org\/Organization\">  <div class=\"prensa-col-icon\"><img src=\"https:\/\/prensaescrita.org\/wp-content\/uploads\/2025\/03\/info.jpg\" alt=\"Diario\" width=\"13\" height=\"13\"><\/div>  <div class=\"prensa-col-name\" itemprop=\"name\"><strong>SKADE<\/strong><\/div>  <div class=\"prensa-col-place\">Beograd<\/div>  <div class=\"prensa-col-url\"><a href=\"http:\/\/www.danas.rs\" target=\"_blank\" rel=\"nofollow noopener\" itemprop=\"url\">danas.rs<\/a><\/div><\/div><div class=\"prensa-section-header\">KOSOVO<\/div><div class=\"prensa-row\" itemscope itemtype=\"https:\/\/schema.org\/Organization\">  <div class=\"prensa-col-icon\"><img src=\"https:\/\/prensaescrita.org\/wp-content\/uploads\/2025\/03\/info.jpg\" alt=\"Diario\" width=\"13\" height=\"13\"><\/div>  <div class=\"prensa-col-name\" itemprop=\"name\"><strong>KOHA DITORE<\/strong><\/div>  <div class=\"prensa-col-place\">Pristina<\/div>  <div class=\"prensa-col-url\"><a href=\"http:\/\/www.koha.net\" target=\"_blank\" rel=\"nofollow noopener\" itemprop=\"url\">koha.net<\/a><\/div><\/div><div class=\"prensa-row\" itemscope itemtype=\"https:\/\/schema.org\/Organization\">  <div class=\"prensa-col-icon\"><img src=\"https:\/\/prensaescrita.org\/wp-content\/uploads\/2025\/03\/info.jpg\" alt=\"Diario\" width=\"13\" height=\"13\"><\/div>  <div class=\"prensa-col-name\" itemprop=\"name\"><strong>UDTRYKKE<\/strong><\/div>  <div class=\"prensa-col-place\">Pristina<\/div>  <div class=\"prensa-col-url\"><a href=\"http:\/\/www.gazetaexpress.com\" target=\"_blank\" rel=\"nofollow noopener\" itemprop=\"url\">gazetaexpress.com<\/a><\/div><\/div><div class=\"prensa-row\" itemscope itemtype=\"https:\/\/schema.org\/Organization\">  <div class=\"prensa-col-icon\"><img src=\"https:\/\/prensaescrita.org\/wp-content\/uploads\/2025\/03\/info.jpg\" alt=\"Diario\" width=\"13\" height=\"13\"><\/div>  <div class=\"prensa-col-name\" itemprop=\"name\"><strong>SOT<\/strong><\/div>  <div class=\"prensa-col-place\">Pristina<\/div>  <div class=\"prensa-col-url\"><a href=\"http:\/\/www.botasot.info\" target=\"_blank\" rel=\"nofollow noopener\" itemprop=\"url\">botasot.info<\/a><\/div><\/div><div class=\"prensa-row\" itemscope itemtype=\"https:\/\/schema.org\/Organization\">  <div class=\"prensa-col-icon\"><img src=\"https:\/\/prensaescrita.org\/wp-content\/uploads\/2025\/03\/info.jpg\" alt=\"Diario\" width=\"13\" height=\"13\"><\/div>  <div class=\"prensa-col-name\" itemprop=\"name\"><strong>KOSOVA PRESS<\/strong><\/div>  <div class=\"prensa-col-place\">Pristina<\/div>  <div class=\"prensa-col-url\"><a href=\"https:\/\/www.kosovapress.com\" target=\"_blank\" rel=\"nofollow noopener\" itemprop=\"url\">kosovapress.com<\/a><\/div><\/div><\/div>\n<hr style=\"border: none; height: 2px; background: linear-gradient(to right, transparent, #000, transparent); margin: 20px 0;\">\n<p><\/p>\n<h2 class=\"concss\">Liste over aviser og aviser i Serbien<\/h2>\n<p><\/p>\n<div class=\"estilo1\">Hvis du \u00f8nsker at kende de mest relevante nyheder og aktuelle begivenheder fra Balkan, kan du ikke overse aviserne i Serbien. Dette land, med en rig historie og fascinerende kultur, har en bred vifte af aviser og publikationer til at holde sine borgere og verden informeret. I denne artikel vil vi fokusere p\u00e5 de forskellige aviser i Serbien og udforske deres indhold og informationsv\u00e6rdi. Serbiens aviser er en vigtig kilde til nyheder og analyser for b\u00e5de lokale og dem, der er interesserede i regionen. Aviser i Serbien er kendt for deres strenge journalistik og dybdeg\u00e5ende d\u00e6kning af lokale, nationale og internationale nyheder. Disse medier giver en r\u00e6kke forskellige perspektiver, fra politiske og \u00f8konomiske til sport og underholdning, og tilbyder et bredt spektrum af information til deres l\u00e6sere.    <\/p>\n<p>Serbiske aviser udm\u00e6rker sig ogs\u00e5 ved at d\u00e6kke politiske og sociale nyheder. Gennem pressen kan du f\u00e5 et detaljeret indblik i landets politiske dynamik, sociale sp\u00e6ndinger og \u00f8konomiske problemer. Dagb\u00f8ger i Serbien er et vindue ind i landets liv og begivenheder og giver en detaljeret analyse i realtid af de vigtigste begivenheder.  <\/p>\n<p>Den serbiske presse er ogs\u00e5 en vigtig kilde til international nyhedsd\u00e6kning. Serbiske aviser er kendt for deres fokus p\u00e5 internationale relationer, is\u00e6r hvad ang\u00e5r EU og Balkan. Aviser i Serbien er derfor en glimrende kilde for dem, der s\u00f8ger et \u00f8steurop\u00e6isk perspektiv p\u00e5 globale begivenheder.  <\/p>\n<p>Ud over nyhedsd\u00e6kning tilbyder Serbiens aviser ogs\u00e5 underholdnings- og livsstilsindhold. Fra de nyeste trends inden for mode og gastronomi til film- og musikanmeldelser tilbyder Serbiens presse mangfoldigt og engagerende indhold, der afspejler landets pulserende kultur. <\/p>\n<p>Derudover er mange af Serbiens aviser tilg\u00e6ngelige online, hvilket g\u00f8r det nemt at f\u00e5 adgang til b\u00e5de deres lokale og internationale l\u00e6sere. Aviser i Serbien har taget den digitale tidsalder til sig og tilbyder digitale versioner af deres print og opdateringer i realtid via deres hjemmesider og mobilapps. <\/p>\n<p>Afslutningsvis er Serbiens aviser en uvurderlig kilde til nyheder og analyser. Uanset om du leder efter politiske, \u00f8konomiske, sports- eller underholdningsnyheder, har Serbiens presse noget at byde p\u00e5. Med deres dybdeg\u00e5ende d\u00e6kning og unikke perspektiv er aviser i Serbien en uundv\u00e6rlig kilde til information for dem, der er interesseret i denne fascinerende region.  <\/p>\n<\/div>\n","protected":false},"excerpt":{"rendered":"<p>VECERNJE NOVOSTI Beograd novosti.rs BLIC Beograd blic.rs POLITIKKER Beograd politika.rs SKADE Beograd danas.rsKOSOVO KOHA DITORE Pristina koha.net UDTRYKKE Pristina gazetaexpress.com SOT Pristina botasot.info KOSOVA PRESS Pristina kosovapress.com Liste over aviser og aviser i Serbien Hvis du \u00f8nsker at kende de mest relevante nyheder og aktuelle begivenheder fra Balkan, kan du ikke overse aviserne i Serbien. &#8230; <a title=\"Aviser og aviser i Serbien\" class=\"read-more\" href=\"https:\/\/prensaescrita.org\/da\/europa-da\/aviser-og-aviser-i-serbien\/\" aria-label=\"Read more about Aviser og aviser i Serbien\">L\u00e6s Mere<\/a><\/p>\n","protected":false},"author":1,"featured_media":0,"comment_status":"closed","ping_status":"open","sticky":false,"template":"","format":"standard","meta":{"footnotes":""},"categories":[168],"tags":[],"class_list":["post-2842","post","type-post","status-publish","format-standard","hentry","category-europa-da","infinite-scroll-item","generate-columns","tablet-grid-50","mobile-grid-100","grid-parent","grid-33"],"_links":{"self":[{"href":"https:\/\/prensaescrita.org\/da\/wp-json\/wp\/v2\/posts\/2842","targetHints":{"allow":["GET"]}}],"collection":[{"href":"https:\/\/prensaescrita.org\/da\/wp-json\/wp\/v2\/posts"}],"about":[{"href":"https:\/\/prensaescrita.org\/da\/wp-json\/wp\/v2\/types\/post"}],"author":[{"embeddable":true,"href":"https:\/\/prensaescrita.org\/da\/wp-json\/wp\/v2\/users\/1"}],"replies":[{"embeddable":true,"href":"https:\/\/prensaescrita.org\/da\/wp-json\/wp\/v2\/comments?post=2842"}],"version-history":[{"count":1,"href":"https:\/\/prensaescrita.org\/da\/wp-json\/wp\/v2\/posts\/2842\/revisions"}],"predecessor-version":[{"id":4297,"href":"https:\/\/prensaescrita.org\/da\/wp-json\/wp\/v2\/posts\/2842\/revisions\/4297"}],"wp:attachment":[{"href":"https:\/\/prensaescrita.org\/da\/wp-json\/wp\/v2\/media?parent=2842"}],"wp:term":[{"taxonomy":"category","embeddable":true,"href":"https:\/\/prensaescrita.org\/da\/wp-json\/wp\/v2\/categories?post=2842"},{"taxonomy":"post_tag","embeddable":true,"href":"https:\/\/prensaescrita.org\/da\/wp-json\/wp\/v2\/tags?post=2842"}],"curies":[{"name":"wp","href":"https:\/\/api.w.org\/{rel}","templated":true}]}}