{"id":2642,"date":"2025-03-03T18:55:04","date_gmt":"2025-03-03T18:55:04","guid":{"rendered":"https:\/\/prensaescrita.org\/sin-categoria\/aviser-og-aviser-i-senegal\/"},"modified":"2025-03-03T18:55:04","modified_gmt":"2025-03-03T18:55:04","slug":"aviser-og-aviser-i-senegal","status":"publish","type":"post","link":"https:\/\/prensaescrita.org\/da\/aviser-og-aviser-i-afrika\/aviser-og-aviser-i-senegal\/","title":{"rendered":"Aviser og aviser i Senegal"},"content":{"rendered":"<div class=\"prensa-grid-container\"><div class=\"prensa-row\" itemscope itemtype=\"https:\/\/schema.org\/Organization\">  <div class=\"prensa-col-icon\"><img src=\"https:\/\/prensaescrita.org\/wp-content\/uploads\/2025\/03\/info.jpg\" alt=\"Diario\" width=\"13\" height=\"13\"><\/div>  <div class=\"prensa-col-name\" itemprop=\"name\"><strong>LE SOLEIL<\/strong><\/div>  <div class=\"prensa-col-place\">Dakar<\/div>  <div class=\"prensa-col-url\"><a href=\"http:\/\/www.lesoleil.sn\" target=\"_blank\" rel=\"nofollow noopener\" itemprop=\"url\">lesoleil.sn<\/a><\/div><\/div><div class=\"prensa-row\" itemscope itemtype=\"https:\/\/schema.org\/Organization\">  <div class=\"prensa-col-icon\"><img src=\"https:\/\/prensaescrita.org\/wp-content\/uploads\/2025\/03\/info.jpg\" alt=\"Diario\" width=\"13\" height=\"13\"><\/div>  <div class=\"prensa-col-name\" itemprop=\"name\"><strong>SAD QUOTIDIEN<\/strong><\/div>  <div class=\"prensa-col-place\">Dakar<\/div>  <div class=\"prensa-col-url\"><a href=\"http:\/\/www.sudonline.sn\" target=\"_blank\" rel=\"nofollow noopener\" itemprop=\"url\">sudonline.sn<\/a><\/div><\/div><div class=\"prensa-row\" itemscope itemtype=\"https:\/\/schema.org\/Organization\">  <div class=\"prensa-col-icon\"><img src=\"https:\/\/prensaescrita.org\/wp-content\/uploads\/2025\/03\/info.jpg\" alt=\"Diario\" width=\"13\" height=\"13\"><\/div>  <div class=\"prensa-col-name\" itemprop=\"name\"><strong>Groupe Futurs Media<\/strong><\/div>  <div class=\"prensa-col-place\">Dakar<\/div>  <div class=\"prensa-col-url\"><a href=\"https:\/\/www.gfm.sn\/\" target=\"_blank\" rel=\"nofollow noopener\" itemprop=\"url\">gfm.sn\/<\/a><\/div><\/div><div class=\"prensa-row\" itemscope itemtype=\"https:\/\/schema.org\/Organization\">  <div class=\"prensa-col-icon\"><img src=\"https:\/\/prensaescrita.org\/wp-content\/uploads\/2025\/03\/info.jpg\" alt=\"Diario\" width=\"13\" height=\"13\"><\/div>  <div class=\"prensa-col-name\" itemprop=\"name\"><strong>WALF FADJRI<\/strong><\/div>  <div class=\"prensa-col-place\">Dakar<\/div>  <div class=\"prensa-col-url\"><a href=\"http:\/\/www.walf-groupe.com\" target=\"_blank\" rel=\"nofollow noopener\" itemprop=\"url\">walf-groupe.com<\/a><\/div><\/div><div class=\"prensa-row\" itemscope itemtype=\"https:\/\/schema.org\/Organization\">  <div class=\"prensa-col-icon\"><img src=\"https:\/\/prensaescrita.org\/wp-content\/uploads\/2025\/03\/info.jpg\" alt=\"Diario\" width=\"13\" height=\"13\"><\/div>  <div class=\"prensa-col-name\" itemprop=\"name\"><strong>L\u2019OBSERVATEUR<\/strong><\/div>  <div class=\"prensa-col-place\">Dakar<\/div>  <div class=\"prensa-col-url\"><a href=\"http:\/\/www.igfm.sn\" target=\"_blank\" rel=\"nofollow noopener\" itemprop=\"url\">igfm.sn<\/a><\/div><\/div><div class=\"prensa-row\" itemscope itemtype=\"https:\/\/schema.org\/Organization\">  <div class=\"prensa-col-icon\"><img src=\"https:\/\/prensaescrita.org\/wp-content\/uploads\/2025\/03\/info.jpg\" alt=\"Diario\" width=\"13\" height=\"13\"><\/div>  <div class=\"prensa-col-name\" itemprop=\"name\"><strong>LE QUOTIDIEN<\/strong><\/div>  <div class=\"prensa-col-place\">Dakar<\/div>  <div class=\"prensa-col-url\"><a href=\"http:\/\/www.lequotidien.sn\" target=\"_blank\" rel=\"nofollow noopener\" itemprop=\"url\">lequotidien.sn<\/a><\/div><\/div><\/div>\n<hr style=\"border: none; height: 2px; background: linear-gradient(to right, transparent, #000, transparent); margin: 20px 0;\">\n<h2 class=\"concss\">Liste over aviser og aviser i Senegal<\/h2>\n<div class=\"estilo1\">I Senegal spiller pressen en central rolle i formidlingen af information og fremme af den offentlige debat. Senegalesiske aviser, ogs\u00e5 kendt som dagb\u00f8ger i Senegal, er en kilde til nyheder og analyser af nationale og internationale aktuelle forhold. Senegals presse d\u00e6kker en bred vifte af emner, fra politik og \u00f8konomi til kultur og sport. Aviser i Senegal har typisk b\u00e5de et trykt og digitalt oplag, hvilket giver dem mulighed for at n\u00e5 ud til et mangfoldigt og stadigt voksende publikum. Nogle af Senegals mest kendte aviser omfatter Le Soleil, en af de \u00e6ldste og mest prestigefyldte dagblade i landet. Denne avis d\u00e6kker en bred vifte af emner, fra lokale nyheder til relevante internationale begivenheder. En anden fremtr\u00e6dende avis i Senegal er Sud Quotidien, der er kendt for sin kritiske tilgang og omfattende d\u00e6kning af aktuelle politiske og sociale begivenheder. Denne avis er en p\u00e5lidelig kilde til information for dem, der er interesseret i de mest relevante begivenheder i landet og regionen.    <\/p>\n<p>Derudover kan andre anerkendte aviser findes i Senegal, s\u00e5som L\u2019Observateur og Le Quotidien, som tilbyder et unikt perspektiv p\u00e5 nationale og internationale aktuelle forhold.<\/p>\n<p>Kort sagt spiller senegalesiske aviser en afg\u00f8rende rolle i samfundet ved at informere, uddanne og underholde befolkningen. Takket v\u00e6re sin mangfoldighed af emner og tilgange er Senegals presse fortsat en uundv\u00e6rlig informationskilde for borgerne og et centralt element i landets medielandskab. <\/p>\n<\/div>\n","protected":false},"excerpt":{"rendered":"<p>LE SOLEIL Dakar lesoleil.sn SAD QUOTIDIEN Dakar sudonline.sn Groupe Futurs Media Dakar gfm.sn\/ WALF FADJRI Dakar walf-groupe.com L\u2019OBSERVATEUR Dakar igfm.sn LE QUOTIDIEN Dakar lequotidien.sn Liste over aviser og aviser i Senegal I Senegal spiller pressen en central rolle i formidlingen af information og fremme af den offentlige debat. Senegalesiske aviser, ogs\u00e5 kendt som dagb\u00f8ger i &#8230; <a title=\"Aviser og aviser i Senegal\" class=\"read-more\" href=\"https:\/\/prensaescrita.org\/da\/aviser-og-aviser-i-afrika\/aviser-og-aviser-i-senegal\/\" aria-label=\"Read more about Aviser og aviser i Senegal\">L\u00e6s Mere<\/a><\/p>\n","protected":false},"author":1,"featured_media":0,"comment_status":"closed","ping_status":"open","sticky":false,"template":"","format":"standard","meta":{"footnotes":""},"categories":[146],"tags":[],"class_list":["post-2642","post","type-post","status-publish","format-standard","hentry","category-aviser-og-aviser-i-afrika","infinite-scroll-item","generate-columns","tablet-grid-50","mobile-grid-100","grid-parent","grid-33"],"_links":{"self":[{"href":"https:\/\/prensaescrita.org\/da\/wp-json\/wp\/v2\/posts\/2642","targetHints":{"allow":["GET"]}}],"collection":[{"href":"https:\/\/prensaescrita.org\/da\/wp-json\/wp\/v2\/posts"}],"about":[{"href":"https:\/\/prensaescrita.org\/da\/wp-json\/wp\/v2\/types\/post"}],"author":[{"embeddable":true,"href":"https:\/\/prensaescrita.org\/da\/wp-json\/wp\/v2\/users\/1"}],"replies":[{"embeddable":true,"href":"https:\/\/prensaescrita.org\/da\/wp-json\/wp\/v2\/comments?post=2642"}],"version-history":[{"count":0,"href":"https:\/\/prensaescrita.org\/da\/wp-json\/wp\/v2\/posts\/2642\/revisions"}],"wp:attachment":[{"href":"https:\/\/prensaescrita.org\/da\/wp-json\/wp\/v2\/media?parent=2642"}],"wp:term":[{"taxonomy":"category","embeddable":true,"href":"https:\/\/prensaescrita.org\/da\/wp-json\/wp\/v2\/categories?post=2642"},{"taxonomy":"post_tag","embeddable":true,"href":"https:\/\/prensaescrita.org\/da\/wp-json\/wp\/v2\/tags?post=2642"}],"curies":[{"name":"wp","href":"https:\/\/api.w.org\/{rel}","templated":true}]}}